{"id":63351,"date":"2023-12-19T07:37:13","date_gmt":"2023-12-19T13:37:13","guid":{"rendered":"http:\/\/www.zonaroja.com.mx\/?p=63351"},"modified":"2023-12-19T07:37:14","modified_gmt":"2023-12-19T13:37:14","slug":"cumplen-4-dias-retenidas-8-personas-en-pueblo-de-la-mixteca-de-oaxaca","status":"publish","type":"post","link":"https:\/\/zonaroja.com.mx\/?p=63351","title":{"rendered":"Cumplen 4 d\u00edas retenidas 8 personas en pueblo de la Mixteca de Oaxaca"},"content":{"rendered":"\n<p>Ismael Garc\u00eda M.\/Zona Roja.<\/p>\n\n\n\n<p>Oaxaca de Ju\u00e1rez, Oax., a 19 de diciembre de 2023.- Derivado de una obra inconclusa, ocho personas llevan retenidas cuatro d\u00edas en una comunidad de la regi\u00f3n Mixteca de Oaxaca.<\/p>\n\n\n\n<p>Desde el 15 de diciembre, pobladores de Santiago Petlacala, agencia del municipio de San Mart\u00edn Peras, retuvieron a cuatro profesionistas y a cuatro pobladores de Cerro Hidalgo, localidad del municipio de Coicoy\u00e1n de las Flores.<\/p>\n\n\n\n<p>El titular de la Secretar\u00eda de Gobierno estatal, Jes\u00fas Romero L\u00f3pez, confirm\u00f3 el hecho y asegur\u00f3 que funcionarios ya se encuentran en la zona para dialogar con los inconformes.<\/p>\n\n\n\n<p>Seg\u00fan dijo ayer en la conferencia de prensa del gobernador Salom\u00f3n Jara, el pasado viernes cuatro habitantes de Cerro Hidalgo fueron retenidos, la situaci\u00f3n deriv\u00f3 de una empresa inconclusa por parte de una constructora.<\/p>\n\n\n\n<p>\u201cEstamos trabajando ya para liberar a las personas de Petlacala y tenerlos en condiciones \u00f3ptimas; hay una multa de 100 mil pesos para los ingenieros, que la asamblea comunitaria determin\u00f3, y un mill\u00f3n de pesos por los cuatro ciudadanos de Cerro Hidalgo\u201d, dijo.<\/p>\n\n\n\n<p>Romero L\u00f3pez se\u00f1al\u00f3 que lamentablemente esta pr\u00e1ctica es recurrente en las comunidades oaxaque\u00f1as, como ocurri\u00f3 el 1 de enero pasado, en que ocurrieron nueve retenciones, una de ellas en Nejapa de Madero, contra un asesor-constructor.<\/p>\n\n\n\n<p>Dijo que este tipo de personas ajenas a los pueblos causan conflictos y abusan de las autoridades, al enga\u00f1arlos en la realizaci\u00f3n de la obra p\u00fablica.<\/p>\n","protected":false},"excerpt":{"rendered":"<p>Ismael Garc\u00eda M.\/Zona Roja. Oaxaca de Ju\u00e1rez, Oax., a 19 de diciembre de 2023.- Derivado&hellip;<\/p>\n","protected":false},"author":2,"featured_media":63352,"comment_status":"closed","ping_status":"open","sticky":false,"template":"","format":"standard","meta":{"_lmt_disableupdate":"","_lmt_disable":"","_jetpack_memberships_contains_paid_content":false,"footnotes":""},"categories":[109,47],"tags":[3761],"class_list":["post-63351","post","type-post","status-publish","format-standard","has-post-thumbnail","hentry","category-minuto-a-minuto","category-zona-gris","tag-santiago-petlacala"],"jetpack_featured_media_url":"https:\/\/zonaroja.com.mx\/wp-content\/uploads\/2023\/12\/Santiago-Petlacala.jpg","jetpack_sharing_enabled":true,"_links":{"self":[{"href":"https:\/\/zonaroja.com.mx\/index.php?rest_route=\/wp\/v2\/posts\/63351","targetHints":{"allow":["GET"]}}],"collection":[{"href":"https:\/\/zonaroja.com.mx\/index.php?rest_route=\/wp\/v2\/posts"}],"about":[{"href":"https:\/\/zonaroja.com.mx\/index.php?rest_route=\/wp\/v2\/types\/post"}],"author":[{"embeddable":true,"href":"https:\/\/zonaroja.com.mx\/index.php?rest_route=\/wp\/v2\/users\/2"}],"replies":[{"embeddable":true,"href":"https:\/\/zonaroja.com.mx\/index.php?rest_route=%2Fwp%2Fv2%2Fcomments&post=63351"}],"version-history":[{"count":1,"href":"https:\/\/zonaroja.com.mx\/index.php?rest_route=\/wp\/v2\/posts\/63351\/revisions"}],"predecessor-version":[{"id":63353,"href":"https:\/\/zonaroja.com.mx\/index.php?rest_route=\/wp\/v2\/posts\/63351\/revisions\/63353"}],"wp:featuredmedia":[{"embeddable":true,"href":"https:\/\/zonaroja.com.mx\/index.php?rest_route=\/wp\/v2\/media\/63352"}],"wp:attachment":[{"href":"https:\/\/zonaroja.com.mx\/index.php?rest_route=%2Fwp%2Fv2%2Fmedia&parent=63351"}],"wp:term":[{"taxonomy":"category","embeddable":true,"href":"https:\/\/zonaroja.com.mx\/index.php?rest_route=%2Fwp%2Fv2%2Fcategories&post=63351"},{"taxonomy":"post_tag","embeddable":true,"href":"https:\/\/zonaroja.com.mx\/index.php?rest_route=%2Fwp%2Fv2%2Ftags&post=63351"}],"curies":[{"name":"wp","href":"https:\/\/api.w.org\/{rel}","templated":true}]}}