{"id":63354,"date":"2023-12-19T07:52:23","date_gmt":"2023-12-19T13:52:23","guid":{"rendered":"http:\/\/www.zonaroja.com.mx\/?p=63354"},"modified":"2023-12-19T07:52:25","modified_gmt":"2023-12-19T13:52:25","slug":"matan-a-balazos-a-una-mujer-en-huixtepec-oaxaca-habria-sido-su-pareja","status":"publish","type":"post","link":"https:\/\/zonaroja.com.mx\/?p=63354","title":{"rendered":"Matan a balazos a una mujer en Huixtepec, Oaxaca; habr\u00eda sido su pareja"},"content":{"rendered":"\n<p>Ismael Garc\u00eda M.\/Zona Roja.<\/p>\n\n\n\n<p>Oaxaca de Ju\u00e1rez, Oax., a 19 de diciembre de 2023.- Una persona del sexo femenino fue asesinada a balazos ayer en la madrugada en San Pablo Huixtepec, municipio de la regi\u00f3n Valles Centrales de Oaxaca.<\/p>\n\n\n\n<p>El probable feminicida ser\u00eda su pareja, quien huy\u00f3 del hogar y ya es buscado por las corporaciones policiacas y personal de la Agencia Estatal de Investigaciones.<\/p>\n\n\n\n<p>Fue alrededor de las 02:00 horas de ayer lunes en que una pareja regresaba a su domicilio, en el barrio Juquilita, luego de participar de una fiesta familiar.<\/p>\n\n\n\n<p>Sin embargo, al llegar a su casa, M. L. V., de 49 a\u00f1os de edad, habr\u00eda discutido con su esposa, Ada G. O. S., de 42 a\u00f1os, tras lo cual le dispar\u00f3 con su arma de fuego y huy\u00f3.<\/p>\n\n\n\n<p>Personal de la Fiscal\u00eda General del Estado de Oaxaca envi\u00f3 personal de distintas especialidades e inici\u00f3 la Carpeta de Investigaci\u00f3n bajo los protocolos de feminicidio.<\/p>\n\n\n\n<p>En tanto, con base en testimonios de los familiares y las evidencias recabadas, busca al presunto feminicida, con el fin de llevarlo ante la justicia.<\/p>\n","protected":false},"excerpt":{"rendered":"<p>Ismael Garc\u00eda M.\/Zona Roja. Oaxaca de Ju\u00e1rez, Oax., a 19 de diciembre de 2023.- Una&hellip;<\/p>\n","protected":false},"author":2,"featured_media":63355,"comment_status":"closed","ping_status":"open","sticky":false,"template":"","format":"standard","meta":{"_lmt_disableupdate":"","_lmt_disable":"","_jetpack_memberships_contains_paid_content":false,"footnotes":""},"categories":[109,51],"tags":[2168],"class_list":["post-63354","post","type-post","status-publish","format-standard","has-post-thumbnail","hentry","category-minuto-a-minuto","category-zona-roja","tag-san-pablo-huixtepec"],"jetpack_featured_media_url":"https:\/\/zonaroja.com.mx\/wp-content\/uploads\/2023\/12\/Mujer-asesinada-San-Pablo-Huixtepec.jpg","jetpack_sharing_enabled":true,"_links":{"self":[{"href":"https:\/\/zonaroja.com.mx\/index.php?rest_route=\/wp\/v2\/posts\/63354","targetHints":{"allow":["GET"]}}],"collection":[{"href":"https:\/\/zonaroja.com.mx\/index.php?rest_route=\/wp\/v2\/posts"}],"about":[{"href":"https:\/\/zonaroja.com.mx\/index.php?rest_route=\/wp\/v2\/types\/post"}],"author":[{"embeddable":true,"href":"https:\/\/zonaroja.com.mx\/index.php?rest_route=\/wp\/v2\/users\/2"}],"replies":[{"embeddable":true,"href":"https:\/\/zonaroja.com.mx\/index.php?rest_route=%2Fwp%2Fv2%2Fcomments&post=63354"}],"version-history":[{"count":1,"href":"https:\/\/zonaroja.com.mx\/index.php?rest_route=\/wp\/v2\/posts\/63354\/revisions"}],"predecessor-version":[{"id":63356,"href":"https:\/\/zonaroja.com.mx\/index.php?rest_route=\/wp\/v2\/posts\/63354\/revisions\/63356"}],"wp:featuredmedia":[{"embeddable":true,"href":"https:\/\/zonaroja.com.mx\/index.php?rest_route=\/wp\/v2\/media\/63355"}],"wp:attachment":[{"href":"https:\/\/zonaroja.com.mx\/index.php?rest_route=%2Fwp%2Fv2%2Fmedia&parent=63354"}],"wp:term":[{"taxonomy":"category","embeddable":true,"href":"https:\/\/zonaroja.com.mx\/index.php?rest_route=%2Fwp%2Fv2%2Fcategories&post=63354"},{"taxonomy":"post_tag","embeddable":true,"href":"https:\/\/zonaroja.com.mx\/index.php?rest_route=%2Fwp%2Fv2%2Ftags&post=63354"}],"curies":[{"name":"wp","href":"https:\/\/api.w.org\/{rel}","templated":true}]}}