{"id":63367,"date":"2023-12-19T14:14:00","date_gmt":"2023-12-19T20:14:00","guid":{"rendered":"http:\/\/www.zonaroja.com.mx\/?p=63367"},"modified":"2023-12-19T08:18:32","modified_gmt":"2023-12-19T14:18:32","slug":"asumen-su-cargo-cinco-nuevos-magistrados-del-tribunal-superior-de-justicia","status":"publish","type":"post","link":"https:\/\/zonaroja.com.mx\/?p=63367","title":{"rendered":"Asumen su cargo cinco nuevos magistrados del Tribunal Superior de Justicia"},"content":{"rendered":"\n<p>Redacci\u00f3n\/Zona Roja.<\/p>\n\n\n\n<p>Oaxaca de Ju\u00e1rez, Oax., a 19 de diciembre de 2023.- En Sesi\u00f3n Solemne, el titular del Poder Judicial del Estado, magistrado Eduardo Pinacho S\u00e1nchez, tom\u00f3 la protesta de ley a las abogadas Margarita Leonor Gopar P\u00e9rez, \u00c9rika Mar\u00eda Rodr\u00edguez Rodr\u00edguez, Flor de Mar\u00eda Arellanes Luna y Mar\u00eda Cristina Mart\u00ednez Tenorio, as\u00ed como al abogado Javier Garc\u00eda P\u00e9rez, como nuevas integrantes y nuevo integrante del Pleno del Tribunal Superior de Justicia.&nbsp;<\/p>\n\n\n\n<p>Luego de un proceso democr\u00e1tico, conforme&nbsp;a&nbsp;lo establecido en el art\u00edculo 102&nbsp;de la Constituci\u00f3n Pol\u00edtica del Estado Libre y Soberano de Oaxaca, en el que los tres Poderes del Estado convocaron, evaluaron y eligieron para el cargo a las y&nbsp;el jurista, el pasado&nbsp;viernes&nbsp;15 de diciembre asumieron&nbsp;esta&nbsp;alta responsabilidad con el compromiso de actuar y desempe\u00f1arse con \u00e9tica e imparcialidad.&nbsp;<\/p>\n\n\n\n<p>En&nbsp;la&nbsp;sesi\u00f3n solemne&nbsp;conjunta de los plenos del Tribunal Superior de Justicia y del Consejo de la Judicatura,&nbsp;se invisti\u00f3 a las&nbsp;nuevas magistradas y magistrado&nbsp;con la toga que les&nbsp;identifica de manera honorable a los miembros del Poder Judicial de&nbsp;Oaxaca,&nbsp;s\u00edmbolo de su alta investidura, probidad y responsabilidad.<\/p>\n\n\n\n<p>Durante su mensaje, el titular del Poder Judicial del Estado&nbsp;les dio la bienvenida y les pidi\u00f3 ejercer la funci\u00f3n que se les confiere con excelencia, compromiso, sensibilidad y humanismo.Asimismo,&nbsp;resalt\u00f3 los avances logrados por su administraci\u00f3n en los \u00faltimos cuatro a\u00f1os&nbsp;y acciones para la humanizaci\u00f3n de la justicia que contribuyeron a avanzar&nbsp;en la&nbsp;transformaci\u00f3n de la instituci\u00f3n.<\/p>\n\n\n\n<p>En el marco de la Sesi\u00f3n Solemne, conforme a lo establecido en los art\u00edculos 11,12 y 51 de la Ley Org\u00e1nica del Poder Judicial del Estado de Oaxaca, los plenos del Tribunal Superior de Justicia y del Consejo de la Judicatura, clausuraron el&nbsp;Segundo&nbsp;Periodo&nbsp;Ordinario de&nbsp;Sesiones, correspondiente al a\u00f1o 2023.<\/p>\n","protected":false},"excerpt":{"rendered":"<p>Redacci\u00f3n\/Zona Roja. Oaxaca de Ju\u00e1rez, Oax., a 19 de diciembre de 2023.- En Sesi\u00f3n Solemne,&hellip;<\/p>\n","protected":false},"author":2,"featured_media":63368,"comment_status":"closed","ping_status":"open","sticky":false,"template":"","format":"standard","meta":{"_lmt_disableupdate":"","_lmt_disable":"","_jetpack_memberships_contains_paid_content":false,"footnotes":""},"categories":[109,46],"tags":[223],"class_list":["post-63367","post","type-post","status-publish","format-standard","has-post-thumbnail","hentry","category-minuto-a-minuto","category-zona-blanca","tag-poder-judicial-de-oaxaca"],"jetpack_featured_media_url":"https:\/\/zonaroja.com.mx\/wp-content\/uploads\/2023\/12\/Nuevos-magistrados-Poder-Judicial.jpeg","jetpack_sharing_enabled":true,"_links":{"self":[{"href":"https:\/\/zonaroja.com.mx\/index.php?rest_route=\/wp\/v2\/posts\/63367","targetHints":{"allow":["GET"]}}],"collection":[{"href":"https:\/\/zonaroja.com.mx\/index.php?rest_route=\/wp\/v2\/posts"}],"about":[{"href":"https:\/\/zonaroja.com.mx\/index.php?rest_route=\/wp\/v2\/types\/post"}],"author":[{"embeddable":true,"href":"https:\/\/zonaroja.com.mx\/index.php?rest_route=\/wp\/v2\/users\/2"}],"replies":[{"embeddable":true,"href":"https:\/\/zonaroja.com.mx\/index.php?rest_route=%2Fwp%2Fv2%2Fcomments&post=63367"}],"version-history":[{"count":1,"href":"https:\/\/zonaroja.com.mx\/index.php?rest_route=\/wp\/v2\/posts\/63367\/revisions"}],"predecessor-version":[{"id":63369,"href":"https:\/\/zonaroja.com.mx\/index.php?rest_route=\/wp\/v2\/posts\/63367\/revisions\/63369"}],"wp:featuredmedia":[{"embeddable":true,"href":"https:\/\/zonaroja.com.mx\/index.php?rest_route=\/wp\/v2\/media\/63368"}],"wp:attachment":[{"href":"https:\/\/zonaroja.com.mx\/index.php?rest_route=%2Fwp%2Fv2%2Fmedia&parent=63367"}],"wp:term":[{"taxonomy":"category","embeddable":true,"href":"https:\/\/zonaroja.com.mx\/index.php?rest_route=%2Fwp%2Fv2%2Fcategories&post=63367"},{"taxonomy":"post_tag","embeddable":true,"href":"https:\/\/zonaroja.com.mx\/index.php?rest_route=%2Fwp%2Fv2%2Ftags&post=63367"}],"curies":[{"name":"wp","href":"https:\/\/api.w.org\/{rel}","templated":true}]}}