{"id":6337,"date":"2019-12-04T10:03:29","date_gmt":"2019-12-04T16:03:29","guid":{"rendered":"https:\/\/www.zonaroja.com.mx\/?p=6337"},"modified":"2019-12-04T10:06:09","modified_gmt":"2019-12-04T16:06:09","slug":"roban-en-escuela-ubicada-a-dos-cuadras-del-zocalo-de-la-capital","status":"publish","type":"post","link":"https:\/\/zonaroja.com.mx\/?p=6337","title":{"rendered":"Roban en escuela ubicada a dos cuadras del z\u00f3calo de la capital"},"content":{"rendered":"\n<p class=\"MsoNormal\">Redacci\u00f3n\/Zona Roja.<\/p>\n\n\n\n<p class=\"MsoNormal\">Oaxaca de Ju\u00e1rez, Oax., 4 de diciembre de 2019.- Por segunda ocasi\u00f3n, sujetos desconocidos ingresaron a robar a la escuela primaria \u201cBasilio Rojas\u201d, ubicada en la esquina de Guerrero y Fiallo, Centro Hist\u00f3rico de la ciudad de Oaxaca, a dos cuadras del z\u00f3calo y el Palacio de Gobierno.<\/p>\n\n\n\n<p class=\"MsoNormal\">De acuerdo con el presidente del Comit\u00e9 de Padres de Familia, Omar Colmenares, en la ma\u00f1ana cuando llegaron a la escuela, tuvieron que forzar la puerta principal pues se encontraba trabada.<\/p>\n\n\n\n<p class=\"MsoNormal\">Posteriormente notaron da\u00f1os en la oficina del director del plantel, del cual sustrajeron de manera preliminar dos computadoras port\u00e1tiles, as\u00ed como dinero en efectivo, entre dos mil 500 y tres mil pesos.<\/p>\n\n\n\n<p class=\"MsoNormal\">Es la segunda ocasi\u00f3n en que sucede un robo en la escuela, pese a las paredes altas y la puerta completa que tiene la instituci\u00f3n, dijo; la vez pasada, se llevaron un teclado.<\/p>\n\n\n\n<p class=\"MsoNormal\">Demand\u00f3 a las autoridades de procuraci\u00f3n de justicia una investigaci\u00f3n \u00e1gil, con el fin de castigar a los responsables del hurto.<\/p>\n","protected":false},"excerpt":{"rendered":"<p>Redacci\u00f3n\/Zona Roja. Oaxaca de Ju\u00e1rez, Oax., 4 de diciembre de 2019.- Por segunda ocasi\u00f3n, sujetos&hellip;<\/p>\n","protected":false},"author":2,"featured_media":6339,"comment_status":"closed","ping_status":"open","sticky":false,"template":"","format":"standard","meta":{"_lmt_disableupdate":"","_lmt_disable":"","_jetpack_memberships_contains_paid_content":false,"footnotes":""},"categories":[109,51],"tags":[148],"class_list":["post-6337","post","type-post","status-publish","format-standard","has-post-thumbnail","hentry","category-minuto-a-minuto","category-zona-roja","tag-oaxaca-de-juarez"],"jetpack_featured_media_url":"https:\/\/zonaroja.com.mx\/wp-content\/uploads\/2019\/12\/834c6da6-a621-402a-892d-b26069cd2ac4-1.jpg","jetpack_sharing_enabled":true,"_links":{"self":[{"href":"https:\/\/zonaroja.com.mx\/index.php?rest_route=\/wp\/v2\/posts\/6337","targetHints":{"allow":["GET"]}}],"collection":[{"href":"https:\/\/zonaroja.com.mx\/index.php?rest_route=\/wp\/v2\/posts"}],"about":[{"href":"https:\/\/zonaroja.com.mx\/index.php?rest_route=\/wp\/v2\/types\/post"}],"author":[{"embeddable":true,"href":"https:\/\/zonaroja.com.mx\/index.php?rest_route=\/wp\/v2\/users\/2"}],"replies":[{"embeddable":true,"href":"https:\/\/zonaroja.com.mx\/index.php?rest_route=%2Fwp%2Fv2%2Fcomments&post=6337"}],"version-history":[{"count":1,"href":"https:\/\/zonaroja.com.mx\/index.php?rest_route=\/wp\/v2\/posts\/6337\/revisions"}],"predecessor-version":[{"id":6338,"href":"https:\/\/zonaroja.com.mx\/index.php?rest_route=\/wp\/v2\/posts\/6337\/revisions\/6338"}],"wp:featuredmedia":[{"embeddable":true,"href":"https:\/\/zonaroja.com.mx\/index.php?rest_route=\/wp\/v2\/media\/6339"}],"wp:attachment":[{"href":"https:\/\/zonaroja.com.mx\/index.php?rest_route=%2Fwp%2Fv2%2Fmedia&parent=6337"}],"wp:term":[{"taxonomy":"category","embeddable":true,"href":"https:\/\/zonaroja.com.mx\/index.php?rest_route=%2Fwp%2Fv2%2Fcategories&post=6337"},{"taxonomy":"post_tag","embeddable":true,"href":"https:\/\/zonaroja.com.mx\/index.php?rest_route=%2Fwp%2Fv2%2Ftags&post=6337"}],"curies":[{"name":"wp","href":"https:\/\/api.w.org\/{rel}","templated":true}]}}