{"id":63370,"date":"2023-12-19T15:22:00","date_gmt":"2023-12-19T21:22:00","guid":{"rendered":"http:\/\/www.zonaroja.com.mx\/?p=63370"},"modified":"2023-12-19T08:23:37","modified_gmt":"2023-12-19T14:23:37","slug":"colectivo-de-periodistas-anuncia-exposicion-hilos-de-justicia","status":"publish","type":"post","link":"https:\/\/zonaroja.com.mx\/?p=63370","title":{"rendered":"Colectivo de periodistas anuncia exposici\u00f3n \u201cHilos de Justicia\u201d"},"content":{"rendered":"\n<p>Redacci\u00f3n\/Zona Roja.<\/p>\n\n\n\n<p>Oaxaca de Ju\u00e1rez, Oax., a 19 de diciembre de 2023.- En este mundo donde la mayor\u00eda de las personas caminan a un ritmo acelerado, pensando en el futuro, en la Red de Mujeres Periodistas de Oaxaca decidimos parar y mirar el pasado, bordar historias, esas que se repiten, y resignificar el presente.<\/p>\n\n\n\n<p>La muestra \u201cHilos de justicia\u201d, que se exhibir\u00e1 durante tres d\u00edas a partir de este mi\u00e9rcoles 20 de diciembre en el Centro Fot\u00f3grafico \u201cManuel \u00c1lvarez Bravo\u201d, es el resultado de ese ejercicio de detenernos y traer al presente esas im\u00e1genes o sucesos que forman parte de nuestra realidad como periodistas.<\/p>\n\n\n\n<p>Hablamos de las historias de la violencia en contra de las mujeres, que tambi\u00e9n ha alcanzado a comunicadoras, fot\u00f3grafas y periodistas, quienes en el desempe\u00f1o de su labor son violentadas y otras, lamentablemente, asesinadas para callar sus voces.<\/p>\n\n\n\n<p>Sabemos que el eco de sus palabras se mantiene, igual que la exigencia de justicia por sus feminicidios. Por eso, decidimos utilizar otro lenguaje y desde el silencio o el miedo, desde el enojo o la empat\u00eda, pero siempre con respeto y cari\u00f1o bordar para visibilizar nuevamente ese M\u00e9xico del que no todos quieren hablar.<\/p>\n\n\n\n<p>Nuestra propuesta es parte de la iniciativa Patchwork Healing Blanket la Manta de Curaci\u00f3n\/ de la artista y curadora Marietta Bernstorff para procesar por medio de la creaci\u00f3n las heridas sociales y personales provocadas por la violencia hacia mujeres, ni\u00f1as y el medio ambiente, y ha tenido como sede el Centro ecol\u00f3gico Milpa urbana, ubicado en la ciudad de Oaxaca.<\/p>\n\n\n\n<p>Nos reunimos durante un tiempo en este espacio que tiene como eje compartir conocimientos comunes que nos han heredado los pueblos de Oaxaca, entre ellos el oficio y el arte ancestral de bordar.<\/p>\n\n\n\n<p>\u201cHilos de justicia\u201d es un ejercicio de bordado artesanal, un proyecto colectivo de la Red de Mujeres Periodistas de Oaxaca; nos unimos a los esfuerzos de otras miles de mujeres de M\u00e9xico y otras partes del mundo para decir \u00a1ya basta! y sumarnos a la exigencia de justicia.&nbsp;<\/p>\n\n\n\n<p>Queremos que su recuerdo perdure m\u00e1s all\u00e1 de la violencia de la que han sido v\u00edctimas.&nbsp;<\/p>\n\n\n\n<p>Hoy, desde el bordado, visibilizamos nuevamente las violencias contra las mujeres; bordar para nosotras es visualizarlas, decir ac\u00e1 estamos como colectiva sum\u00e1ndose a sus luchas, bordar tambi\u00e9n ha sido una forma de encontrarnos, unirnos, una forma de hilar una colectiva para resistir ante las violencias externas que trastocan al periodismo.<\/p>\n\n\n\n<p>En M\u00e9xico han sido asesinadas 22 mujeres, comunicadoras y periodistas. En esta muestra solo est\u00e1n los rostros de las mujeres que plasmamos: Mar\u00eda del Sol Cruz Jarqu\u00edn, fotoperiodista, 2 de junio de 2018, Oaxaca; Norma Sarabia Garduza, \u201cTabasco Hoy\u201d, 11 de junio de 2019, Tabasco; Anabel Flores Salazar, \u201cSol de Orizaba\u201d, 8 de febrero de 2016, Veracruz Miroslava Breach, \u201cLa Jornada\u201d, 23 de marzo de 2017, Chihuahua; Regina Mart\u00ednez L\u00f3pez, \u201cProceso\u201d, 28 de abril de 2012, Veracruz.<\/p>\n\n\n\n<p>Fel\u00edcitas Mart\u00ednez S\u00e1nchez, Radio Copala, 7 de abril de 2008, Oaxaca; Teresa Bautista Merino, Radio Copala, 7 de abril de 2008, Oaxaca; Yolanda Ordaz de la Cruz, Notiver, 27 de julio de 2011, Veracruz, y Mar\u00eda Elena Ferral, \u201cDiario de Xalapa\u201d y \u201cQuinto Poder\u201d, 30 de marzo de 2020, Veracruz.<\/p>\n","protected":false},"excerpt":{"rendered":"<p>Redacci\u00f3n\/Zona Roja. Oaxaca de Ju\u00e1rez, Oax., a 19 de diciembre de 2023.- En este mundo&hellip;<\/p>\n","protected":false},"author":2,"featured_media":63371,"comment_status":"closed","ping_status":"open","sticky":false,"template":"","format":"standard","meta":{"_lmt_disableupdate":"","_lmt_disable":"","_jetpack_memberships_contains_paid_content":false,"footnotes":""},"categories":[109,46],"tags":[],"class_list":["post-63370","post","type-post","status-publish","format-standard","has-post-thumbnail","hentry","category-minuto-a-minuto","category-zona-blanca"],"jetpack_featured_media_url":"https:\/\/zonaroja.com.mx\/wp-content\/uploads\/2023\/12\/Exposicion-mujeres-periodistas.jpeg","jetpack_sharing_enabled":true,"_links":{"self":[{"href":"https:\/\/zonaroja.com.mx\/index.php?rest_route=\/wp\/v2\/posts\/63370","targetHints":{"allow":["GET"]}}],"collection":[{"href":"https:\/\/zonaroja.com.mx\/index.php?rest_route=\/wp\/v2\/posts"}],"about":[{"href":"https:\/\/zonaroja.com.mx\/index.php?rest_route=\/wp\/v2\/types\/post"}],"author":[{"embeddable":true,"href":"https:\/\/zonaroja.com.mx\/index.php?rest_route=\/wp\/v2\/users\/2"}],"replies":[{"embeddable":true,"href":"https:\/\/zonaroja.com.mx\/index.php?rest_route=%2Fwp%2Fv2%2Fcomments&post=63370"}],"version-history":[{"count":1,"href":"https:\/\/zonaroja.com.mx\/index.php?rest_route=\/wp\/v2\/posts\/63370\/revisions"}],"predecessor-version":[{"id":63372,"href":"https:\/\/zonaroja.com.mx\/index.php?rest_route=\/wp\/v2\/posts\/63370\/revisions\/63372"}],"wp:featuredmedia":[{"embeddable":true,"href":"https:\/\/zonaroja.com.mx\/index.php?rest_route=\/wp\/v2\/media\/63371"}],"wp:attachment":[{"href":"https:\/\/zonaroja.com.mx\/index.php?rest_route=%2Fwp%2Fv2%2Fmedia&parent=63370"}],"wp:term":[{"taxonomy":"category","embeddable":true,"href":"https:\/\/zonaroja.com.mx\/index.php?rest_route=%2Fwp%2Fv2%2Fcategories&post=63370"},{"taxonomy":"post_tag","embeddable":true,"href":"https:\/\/zonaroja.com.mx\/index.php?rest_route=%2Fwp%2Fv2%2Ftags&post=63370"}],"curies":[{"name":"wp","href":"https:\/\/api.w.org\/{rel}","templated":true}]}}