{"id":63376,"date":"2023-12-19T17:03:22","date_gmt":"2023-12-19T23:03:22","guid":{"rendered":"http:\/\/www.zonaroja.com.mx\/?p=63376"},"modified":"2023-12-19T17:03:23","modified_gmt":"2023-12-19T23:03:23","slug":"dice-el-mult-que-suman-20-militantes-asesinados-y-25-ataques-en-19-meses-exige-justicia","status":"publish","type":"post","link":"https:\/\/zonaroja.com.mx\/?p=63376","title":{"rendered":"Dice el MULT que suman 20 militantes asesinados y 25 ataques en 19 meses; exige justicia"},"content":{"rendered":"\n<p>Yuridiana Sosa\/Zona Roja. <\/p>\n\n\n\n<p>Oaxaca de Ju\u00e1rez, Oax., a 19 de diciembre de 2023.- Tras el m\u00e1s reciente asesinato de un militante, ocurrido el 18 de diciembre, el Movimiento de Unificaci\u00f3n y Lucha Triqui (MULT) se manifest\u00f3 frente a Palacio de Gobierno, en la capital del estado, para exigir justicia por este y otros 19 muertos en diversos ataques ocurridos desde el mes de mayo.<\/p>\n\n\n\n<p>En conferencia de prensa, la dirigencia del MULT se\u00f1al\u00f3 su hartazgo ante la impunidad por los diferentes hechos violentos contra militantes de su organizaci\u00f3n en la regi\u00f3n triqui de Oaxaca, pues no se han detenido a los responsables.<\/p>\n\n\n\n<p>Indic\u00f3 que la v\u00edctima m\u00e1s reciente, Humberto Cruz Ortiz, es padre de su compa\u00f1era Glicerina Cruz, tambi\u00e9n asesinada&nbsp;el 15 de junio&nbsp;de este a\u00f1o en Yosoyuxi, territorio donde tiene presencia el Movimiento de Unificaci\u00f3n y Lucha Triqui Independiente (MULTI).<\/p>\n\n\n\n<p>De mayo de 2022 a la fecha, contabilizan el asesinato de 20 personas pertenecientes al MULT y habitantes de las comunidades afines a su organizaci\u00f3n; 25 ataques armados, en su mayor\u00eda en las comunidades de Tierra Blanca, Cieneguilla y San Juan Copala; ocho personas heridas y nueve emboscadas.&nbsp;<\/p>\n\n\n\n<p>Por lo que el MULT responsabiliz\u00f3 de todos estos actos al MULTI, a quien acusan de incumplir con acuerdos de paz.&nbsp;<\/p>\n\n\n\n<p>\u201cEs su naturaleza, mentirosos, asesinos y expertos en hacerse v\u00edctimas para tener la medida cautelar de la Comisi\u00f3n Interamericana de Derechos Humanos\u201d, se\u00f1alaron.&nbsp;<\/p>\n\n\n\n<p>Entre el saldo de sus afectaciones por parte del MULTI, se\u00f1alaron la retenci\u00f3n de dos camionetas de sus militantes, las cuales ocupan un para negociar con la Fiscal\u00eda de Oaxaca y el gobierno estatal el retiro de las \u00f3rdenes de aprehensi\u00f3n contra uno de los presuntos responsables de los actos, identificado como Macario.&nbsp;<\/p>\n\n\n\n<p>La dirigencia reprob\u00f3 la impunidad que existe sobre sus v\u00edctimas y de lo cual culp\u00f3 al gobierno del estado y a la Fiscal\u00eda de Oaxaca al no realizar acciones que permitan la detenci\u00f3n de los autores intelectuales y materiales de los hechos.&nbsp;<\/p>\n","protected":false},"excerpt":{"rendered":"<p>Yuridiana Sosa\/Zona Roja. Oaxaca de Ju\u00e1rez, Oax., a 19 de diciembre de 2023.- Tras el&hellip;<\/p>\n","protected":false},"author":2,"featured_media":63375,"comment_status":"closed","ping_status":"open","sticky":false,"template":"","format":"standard","meta":{"_lmt_disableupdate":"","_lmt_disable":"","_jetpack_memberships_contains_paid_content":false,"footnotes":""},"categories":[109,47],"tags":[],"class_list":["post-63376","post","type-post","status-publish","format-standard","has-post-thumbnail","hentry","category-minuto-a-minuto","category-zona-gris"],"jetpack_featured_media_url":"https:\/\/zonaroja.com.mx\/wp-content\/uploads\/2023\/12\/a1cc0033-29ce-4a8f-bbec-a79c6118581f-1.jpg","jetpack_sharing_enabled":true,"_links":{"self":[{"href":"https:\/\/zonaroja.com.mx\/index.php?rest_route=\/wp\/v2\/posts\/63376","targetHints":{"allow":["GET"]}}],"collection":[{"href":"https:\/\/zonaroja.com.mx\/index.php?rest_route=\/wp\/v2\/posts"}],"about":[{"href":"https:\/\/zonaroja.com.mx\/index.php?rest_route=\/wp\/v2\/types\/post"}],"author":[{"embeddable":true,"href":"https:\/\/zonaroja.com.mx\/index.php?rest_route=\/wp\/v2\/users\/2"}],"replies":[{"embeddable":true,"href":"https:\/\/zonaroja.com.mx\/index.php?rest_route=%2Fwp%2Fv2%2Fcomments&post=63376"}],"version-history":[{"count":1,"href":"https:\/\/zonaroja.com.mx\/index.php?rest_route=\/wp\/v2\/posts\/63376\/revisions"}],"predecessor-version":[{"id":63377,"href":"https:\/\/zonaroja.com.mx\/index.php?rest_route=\/wp\/v2\/posts\/63376\/revisions\/63377"}],"wp:featuredmedia":[{"embeddable":true,"href":"https:\/\/zonaroja.com.mx\/index.php?rest_route=\/wp\/v2\/media\/63375"}],"wp:attachment":[{"href":"https:\/\/zonaroja.com.mx\/index.php?rest_route=%2Fwp%2Fv2%2Fmedia&parent=63376"}],"wp:term":[{"taxonomy":"category","embeddable":true,"href":"https:\/\/zonaroja.com.mx\/index.php?rest_route=%2Fwp%2Fv2%2Fcategories&post=63376"},{"taxonomy":"post_tag","embeddable":true,"href":"https:\/\/zonaroja.com.mx\/index.php?rest_route=%2Fwp%2Fv2%2Ftags&post=63376"}],"curies":[{"name":"wp","href":"https:\/\/api.w.org\/{rel}","templated":true}]}}