{"id":63378,"date":"2023-12-19T18:36:31","date_gmt":"2023-12-20T00:36:31","guid":{"rendered":"http:\/\/www.zonaroja.com.mx\/?p=63378"},"modified":"2023-12-19T18:36:33","modified_gmt":"2023-12-20T00:36:33","slug":"descarta-jara-cruz-privatizacion-de-ejidos-y-tierras-comunales-aclara-programa","status":"publish","type":"post","link":"https:\/\/zonaroja.com.mx\/?p=63378","title":{"rendered":"Descarta Jara Cruz privatizaci\u00f3n de ejidos y tierras comunales; aclara programa"},"content":{"rendered":"\n<p>Yuridiana Sosa\/Zona Roja.<\/p>\n\n\n\n<p>Oaxaca de Ju\u00e1rez, Oax., a 19 de diciembre de 2023.- Ante los se\u00f1alamientos de una presunta intenci\u00f3n del gobierno de Oaxaca para privatizar la tierra ejidal y comunal, el gobernador Salom\u00f3n Jara Cruz refut\u00f3 y aclar\u00f3 la implementaci\u00f3n del \u201cPrograma de certeza jur\u00eddica de la tierra para la seguridad y bienestar del patrimonio\u201d.<\/p>\n\n\n\n<p>El mandatario estatal expres\u00f3 durante su conferencia de prensa: \u201cMe parece una soberana mentira\u201d, debido a que en su vida pol\u00edtica y lucha social ha estado a favor de la defensa de las tierras.&nbsp;&nbsp; \u201cLamento mucho que se quiera hacer este tipo de juicios\u201d, agreg\u00f3 el gobernador.<\/p>\n\n\n\n<p>Por su parte, el titular de la Consejer\u00eda Jur\u00eddica del Estado, Geovany V\u00e1zquez Sagrero, precis\u00f3 que no es facultad del Gobierno del Wstado la desincorporaci\u00f3n de las tierras ejidales o comunales para que pase a propiedad privada.<\/p>\n\n\n\n<p>Explic\u00f3 que la propiedad social se rige por lo dispuesto en la Ley Agraria, la cual es de car\u00e1cter federal, por lo que subray\u00f3 la desinformaci\u00f3n que se ha generado&nbsp; respecto a que el Congreso del Estado pretende, a trav\u00e9s de una Ley de Ingresos, privatizar la tierra ejidal; pues adem\u00e1s, tampoco es por medio de dicha ley que se pueda realizar ese procedimiento.<\/p>\n\n\n\n<p>\u201cEs una falacia jur\u00eddica\u201d, se\u00f1al\u00f3 V\u00e1squez Sagrero, pues el programa que el gobierno incluye en la Ley de Ingresos de Oaxaca tiene el sentido de aplicar est\u00edmulo fiscal o descuento en tr\u00e1mites por conceptos catastrales y registrales para quienes obtengan el dominio pleno, lo equivalente a la propiedad privada.<\/p>\n\n\n\n<p>EL PROCESO<\/p>\n\n\n\n<p>Para ello precis\u00f3 que para que sea posible tal acci\u00f3n, es necesario que se realice una asamblea de las calificadas como duras o de mayor\u00eda calificada, seg\u00fan la Ley Agraria, &nbsp;por lo que el ejido tiene que reunirse en su asamblea con asistencia de la Procuradur\u00eda Agraria y determinar que alguno de los ejidatarios puede desincorporar su parcela y convertirse en dominio pleno, lo equivalente a la propiedad privada.<\/p>\n\n\n\n<p>Despu\u00e9s, esa propiedad -que antes estaba dada de alta en el Registro Agrario Nacional- debe realizar el correspondiente registro ante el Instituto de la Funci\u00f3n Registral, previa obtenci\u00f3n de la c\u00e9dula catastral ante la Comisi\u00f3n para la Regularizaci\u00f3n de la Tenencia de la Tierra Urbana Rural del estado de Oaxaca (Coreturo).<\/p>\n\n\n\n<p>\u201cEl gobierno del estado es respetuoso de las facultades que tienen los ejidos y las comunidades, pero sobre todo, conocedores de los procedimientos jur\u00eddicos y de las competencias que tiene el Estado\u201d, indic\u00f3, por lo que puntualiz\u00f3 la importancia de la aclaraci\u00f3n.<\/p>\n\n\n\n<p>PROGRAMA<\/p>\n\n\n\n<p>Para el 2014 se mantendr\u00e1 vigente -que ya funcionaba desde el 2018- el \u201cPrograma de certeza jur\u00eddica de la tierra para la seguridad y bienestar del patrimonio\u201d y que ahora se contempla en la Ley de Ingresos como programa de certeza jur\u00eddica de la tierra, para la seguridad y bienestar del patrimonio.<\/p>\n\n\n\n<p>El gobierno del estado, por medio de una nota aclaratoria, indic\u00f3 que para poder acceder a los beneficios de este programa es requisito indispensable que la asamblea comunitaria haya otorgado al interesado el dominio pleno, es decir, que el predio ya haya sido desincorporado de los n\u00facleos agrarios ejidal o comunal.&nbsp;<\/p>\n\n\n\n<p>La persona interesada podr\u00e1 tramitar ante la Coreturo la expedici\u00f3n de certificado parcelario inmobiliario o t\u00edtulo de propiedad, obteniendo el est\u00edmulo fiscal o descuento del 50 por ciento en tr\u00e1mites y servicios de esa instancia y del 100 por ciento en conceptos catastrales y registrales.<\/p>\n","protected":false},"excerpt":{"rendered":"<p>Yuridiana Sosa\/Zona Roja. Oaxaca de Ju\u00e1rez, Oax., a 19 de diciembre de 2023.- Ante los&hellip;<\/p>\n","protected":false},"author":2,"featured_media":63379,"comment_status":"closed","ping_status":"open","sticky":false,"template":"","format":"standard","meta":{"_lmt_disableupdate":"","_lmt_disable":"","_jetpack_memberships_contains_paid_content":false,"footnotes":""},"categories":[109,46],"tags":[939],"class_list":["post-63378","post","type-post","status-publish","format-standard","has-post-thumbnail","hentry","category-minuto-a-minuto","category-zona-blanca","tag-salomon-jara-cruz"],"jetpack_featured_media_url":"https:\/\/zonaroja.com.mx\/wp-content\/uploads\/2023\/12\/Tierra-comunal-ejidal.jpeg","jetpack_sharing_enabled":true,"_links":{"self":[{"href":"https:\/\/zonaroja.com.mx\/index.php?rest_route=\/wp\/v2\/posts\/63378","targetHints":{"allow":["GET"]}}],"collection":[{"href":"https:\/\/zonaroja.com.mx\/index.php?rest_route=\/wp\/v2\/posts"}],"about":[{"href":"https:\/\/zonaroja.com.mx\/index.php?rest_route=\/wp\/v2\/types\/post"}],"author":[{"embeddable":true,"href":"https:\/\/zonaroja.com.mx\/index.php?rest_route=\/wp\/v2\/users\/2"}],"replies":[{"embeddable":true,"href":"https:\/\/zonaroja.com.mx\/index.php?rest_route=%2Fwp%2Fv2%2Fcomments&post=63378"}],"version-history":[{"count":1,"href":"https:\/\/zonaroja.com.mx\/index.php?rest_route=\/wp\/v2\/posts\/63378\/revisions"}],"predecessor-version":[{"id":63380,"href":"https:\/\/zonaroja.com.mx\/index.php?rest_route=\/wp\/v2\/posts\/63378\/revisions\/63380"}],"wp:featuredmedia":[{"embeddable":true,"href":"https:\/\/zonaroja.com.mx\/index.php?rest_route=\/wp\/v2\/media\/63379"}],"wp:attachment":[{"href":"https:\/\/zonaroja.com.mx\/index.php?rest_route=%2Fwp%2Fv2%2Fmedia&parent=63378"}],"wp:term":[{"taxonomy":"category","embeddable":true,"href":"https:\/\/zonaroja.com.mx\/index.php?rest_route=%2Fwp%2Fv2%2Fcategories&post=63378"},{"taxonomy":"post_tag","embeddable":true,"href":"https:\/\/zonaroja.com.mx\/index.php?rest_route=%2Fwp%2Fv2%2Ftags&post=63378"}],"curies":[{"name":"wp","href":"https:\/\/api.w.org\/{rel}","templated":true}]}}