{"id":63389,"date":"2023-12-20T08:30:00","date_gmt":"2023-12-20T14:30:00","guid":{"rendered":"http:\/\/www.zonaroja.com.mx\/?p=63389"},"modified":"2023-12-20T07:03:42","modified_gmt":"2023-12-20T13:03:42","slug":"se-unen-voceadores-de-oaxaca-para-apoyar-a-companeros-victimas-de-otis","status":"publish","type":"post","link":"https:\/\/zonaroja.com.mx\/?p=63389","title":{"rendered":"Se unen voceadores de Oaxaca para apoyar a compa\u00f1eros v\u00edctimas de \u201cOtis\u201d"},"content":{"rendered":"\n<p>Yuridiana Sosa\/Zona Roja.<\/p>\n\n\n\n<p>Oaxaca de Ju\u00e1rez, Oax., a 20 de diciembre de 2023.- La Uni\u00f3n de Voceadores, Expendedores de Peri\u00f3dicos, Libros y Revistas en el Estado de Oaxaca se organiz\u00f3 para apoyar a sus compa\u00f1eros de Acapulco, Guerrero, afectados por el hurac\u00e1n \u201cOtis\u201d, e invita a la poblaci\u00f3n a sumarse, por medio de la rifa de una motocicleta.<\/p>\n\n\n\n<p>El dirigente de la Uni\u00f3n, Francisco Celis V\u00e1squez, indic\u00f3 que son m\u00e1s de 100 trabajadores dedicados a la venta de peri\u00f3dicos que perdieron su patrimonio con el hurac\u00e1n, y que tampoco cuentan con las posibilidades de recuperarse de la tragedia.<\/p>\n\n\n\n<p>Para apoyarlos, realizar\u00e1n la rifa de motocicleta nueva, modelo 2024, por lo que invitaron a la poblaci\u00f3n en general a unirse comprando un boleto, cuyo costo es de 100 pesos y se realizar\u00e1 el domingo 14 de enero de 2024 en el z\u00f3calo de la capital.<\/p>\n\n\n\n<p>El representante de los voceadores en Oaxaca explic\u00f3 que ante la necesidad de ayudar a sus compa\u00f1eros y darse cuenta que no contaban con el recurso suficiente para comprar las despensas necesarias, decidieron cooperar para comprar la unidad y duplicar los ingresos.<\/p>\n\n\n\n<p>Dijo que la rifa es totalmente real y el dinero ser\u00e1 depositado en una cuenta a beneficio de los m\u00e1s de 100 compa\u00f1eros afectados.<\/p>\n\n\n\n<p>Los voceadores comenzaron con la venta de boletos este martes 19 de diciembre y los interesados podr\u00e1n adquirir el suyo en cada puesto de venta de revista y peri\u00f3dicos en la capital marcado con una lona que indica la rifa.&nbsp;<\/p>\n","protected":false},"excerpt":{"rendered":"<p>Yuridiana Sosa\/Zona Roja. Oaxaca de Ju\u00e1rez, Oax., a 20 de diciembre de 2023.- La Uni\u00f3n&hellip;<\/p>\n","protected":false},"author":2,"featured_media":63390,"comment_status":"closed","ping_status":"open","sticky":false,"template":"","format":"standard","meta":{"_lmt_disableupdate":"","_lmt_disable":"","_jetpack_memberships_contains_paid_content":false,"footnotes":""},"categories":[109,46],"tags":[],"class_list":["post-63389","post","type-post","status-publish","format-standard","has-post-thumbnail","hentry","category-minuto-a-minuto","category-zona-blanca"],"jetpack_featured_media_url":"https:\/\/zonaroja.com.mx\/wp-content\/uploads\/2023\/12\/Voceadores-Oaxaca-rifa.jpg","jetpack_sharing_enabled":true,"_links":{"self":[{"href":"https:\/\/zonaroja.com.mx\/index.php?rest_route=\/wp\/v2\/posts\/63389","targetHints":{"allow":["GET"]}}],"collection":[{"href":"https:\/\/zonaroja.com.mx\/index.php?rest_route=\/wp\/v2\/posts"}],"about":[{"href":"https:\/\/zonaroja.com.mx\/index.php?rest_route=\/wp\/v2\/types\/post"}],"author":[{"embeddable":true,"href":"https:\/\/zonaroja.com.mx\/index.php?rest_route=\/wp\/v2\/users\/2"}],"replies":[{"embeddable":true,"href":"https:\/\/zonaroja.com.mx\/index.php?rest_route=%2Fwp%2Fv2%2Fcomments&post=63389"}],"version-history":[{"count":1,"href":"https:\/\/zonaroja.com.mx\/index.php?rest_route=\/wp\/v2\/posts\/63389\/revisions"}],"predecessor-version":[{"id":63391,"href":"https:\/\/zonaroja.com.mx\/index.php?rest_route=\/wp\/v2\/posts\/63389\/revisions\/63391"}],"wp:featuredmedia":[{"embeddable":true,"href":"https:\/\/zonaroja.com.mx\/index.php?rest_route=\/wp\/v2\/media\/63390"}],"wp:attachment":[{"href":"https:\/\/zonaroja.com.mx\/index.php?rest_route=%2Fwp%2Fv2%2Fmedia&parent=63389"}],"wp:term":[{"taxonomy":"category","embeddable":true,"href":"https:\/\/zonaroja.com.mx\/index.php?rest_route=%2Fwp%2Fv2%2Fcategories&post=63389"},{"taxonomy":"post_tag","embeddable":true,"href":"https:\/\/zonaroja.com.mx\/index.php?rest_route=%2Fwp%2Fv2%2Ftags&post=63389"}],"curies":[{"name":"wp","href":"https:\/\/api.w.org\/{rel}","templated":true}]}}