{"id":63394,"date":"2023-12-20T10:30:00","date_gmt":"2023-12-20T16:30:00","guid":{"rendered":"http:\/\/www.zonaroja.com.mx\/?p=63394"},"modified":"2023-12-20T07:18:39","modified_gmt":"2023-12-20T13:18:39","slug":"el-corredor-interoceanico-del-istmo-de-tehuantepec-generara-30-mil-empleos","status":"publish","type":"post","link":"https:\/\/zonaroja.com.mx\/?p=63394","title":{"rendered":"El Corredor Interoce\u00e1nico del Istmo de Tehuantepec generar\u00e1 30 mil empleos"},"content":{"rendered":"\n<p>Redacci\u00f3n\/Zona Roja Cdmx.<\/p>\n\n\n\n<p>Ciudad de M\u00e9xico, a 20 de diciembre de 2023.- El Istmo de Tehuantepec es la zona geogr\u00e1fica localizada entre los estados de Veracruz y Oaxaca. Es la regi\u00f3n m\u00e1s angosta de M\u00e9xico entre el Oc\u00e9ano Pacifico y el Oc\u00e9ano Atl\u00e1ntico, en su secci\u00f3n del Golfo de M\u00e9xico, este tramo estrat\u00e9gico comprende aproximadamente 200 kil\u00f3metros de ancho.<\/p>\n\n\n\n<p>Considerando que el Canal de Panam\u00e1, que ha sido la v\u00eda interoce\u00e1nica dominante en el continente americano, atraviesa una de sus peores crisis por la escasez de agua, generando restricciones al tr\u00e1fico de barcos, muchos son los que han dirigido su mirada a la nueva opci\u00f3n de transporte terrestre y mar\u00edtimo que se abre en M\u00e9xico: el Corredor Interoce\u00e1nico del Istmo De Tehuantepec.<\/p>\n\n\n\n<p>El Corredor Interoce\u00e1nico del Istmo de Tehuantepec declar\u00f3 los Polos de Desarrollo para el Bienestar, como \u00e1reas geogr\u00e1ficas delimitadas que cuentan con condiciones para atraer inversi\u00f3n y potenciar capacidades productivas, a efecto de detonar el desarrollo econ\u00f3mico y social de la regi\u00f3n del Istmo de Tehuantepec.<\/p>\n\n\n\n<p>Los Polos de Desarrollo para el Bienestar (PODEBIS) establecer\u00e1n complejos industriales que generar\u00e1n y transformar\u00e1n mercanc\u00edas que llegaran en condiciones m\u00e1s competitivas a los mercados mundiales y est\u00e1n localizados en:<\/p>\n\n\n\n<p>1.- Coatzacoalcos I y II<\/p>\n\n\n\n<p>2.- Texistepec<\/p>\n\n\n\n<p>3.- San Juan Evangelista y Jaltipan Ixtaltepec<\/p>\n\n\n\n<p>4.- Ciudad Ixtepec<\/p>\n\n\n\n<p>5.- Santa Mar\u00eda Mixtequilla-San Blas Atempa<\/p>\n\n\n\n<p>6.- Salina Cruz<\/p>\n\n\n\n<p>El CIIT&nbsp;tiene como objetivo el transporte de pasajeros y de mercanc\u00edas, para lo cual se revivieron las v\u00edas f\u00e9rreas y se construyen en torno a este, nuevas infraestructuras, entre otras cosas, para recibir barcos de gran calado, generar empleos en la regi\u00f3n, estimular el \u201cnearshoring\u201d y su impacto en la regi\u00f3n, e incluso, aumentar el PIB del pa\u00eds entre otros beneficios econ\u00f3micos y sociales.<\/p>\n\n\n\n<p>Para este fin, el gobierno federal convoc\u00f3 a una licitaci\u00f3n p\u00fablica cuyo primer paquete inclu\u00eda a Coatzacoalcos I, Coatzacoalcos II, Texistepec, San Juan Evangelista y Salina Cruz.&nbsp;<\/p>\n\n\n\n<p>Es as\u00ed como Proistmo obtuvo la concesi\u00f3n del PODEBI \u201cTexistepec\u201d apost\u00e1ndole al proyecto nacional m\u00e1s ambicioso de todos los tiempos: el Corredor Interoce\u00e1nico de Istmo de Tehuantepec.&nbsp;<\/p>\n\n\n\n<p>La inversi\u00f3n de m\u00e1s de 14 mil millones de pesos impulsa un sistem\u00e1tico crecimiento econ\u00f3mico de la regi\u00f3n sureste, comprometi\u00e9ndose con el proyecto m\u00e1s visionario.<\/p>\n\n\n\n<p>El polo de desarrollo&nbsp;\u201cTexistepec\u201d est\u00e1 ubicado a 44.9 km del puerto de Coatzacoalcos y tiene una superficie de 481.58 hect\u00e1reas.<\/p>\n\n\n\n<p>EL CIIT en cifras:<\/p>\n\n\n\n<p>1.- Dos oc\u00e9anos unidos entre Coatzacoalcos, Veracruz y Salina Cruz, Oaxaca<\/p>\n\n\n\n<p>2.- 303 kil\u00f3metros de recorrido de costa a costa<\/p>\n\n\n\n<p>3.- Seis horas tardar\u00e1n en cruzar los contenedores y pasajeros<\/p>\n\n\n\n<p>4.- 1.4 millones de contenedores movilizados anualmente<\/p>\n\n\n\n<p>5.- 24 metros de calado tendr\u00e1 el nuevo puerto de Salina Cruz<\/p>\n\n\n\n<p>6.- 2 l\u00edneas adicionales lo conectar\u00e1n con Palenque\/Tren Maya y con Ciudad Hidalgo\/Guatemala<\/p>\n\n\n\n<p>Proistmo, a trav\u00e9s de Fernando Galv\u00e1n, miembro del Consejo de Administraci\u00f3n, Armando Gonz\u00e1lez, Vicepresidente de Operaciones y Elena Achar, Directora de Comunicaci\u00f3n y Asuntos P\u00fablicos, compartieron pormenores del proyecto.<\/p>\n\n\n\n<p>A la sesi\u00f3n asistieron empresarios y representantes&nbsp;como&nbsp;Sildia Mecott por parte de la Secretar\u00eda t\u00e9cnica de la Comisi\u00f3n del Corredor Interoce\u00e1nico, en representaci\u00f3n del gobierno de Oaxaca; Geraldine L\u00f3pez de la Asociaci\u00f3n Mexicana de Ferrocarriles, Satyen Timbadia por la C\u00e1mara de Negocios India-M\u00e9xico; el ingeniero&nbsp;Domingo G\u00f3mez Torres, director de Alianzas Estrat\u00e9gicas de la Coordinaci\u00f3n General de Puertos y Marina Mercante; Mauricio Jaramillo, presidente de la C\u00e1mara Texas-Europa;&nbsp;Karla Loyo,&nbsp;directora general de BTF relaci\u00f3n con c\u00e1maras chinas y Julio Portales.<\/p>\n\n\n\n<p>(Informaci\u00f3n de \u201cEl Heraldo de M\u00e9xico\u201d)<\/p>\n","protected":false},"excerpt":{"rendered":"<p>Redacci\u00f3n\/Zona Roja Cdmx. Ciudad de M\u00e9xico, a 20 de diciembre de 2023.- El Istmo de&hellip;<\/p>\n","protected":false},"author":2,"featured_media":55049,"comment_status":"closed","ping_status":"open","sticky":false,"template":"","format":"standard","meta":{"_lmt_disableupdate":"","_lmt_disable":"","_jetpack_memberships_contains_paid_content":false,"footnotes":""},"categories":[109,46],"tags":[3763],"class_list":["post-63394","post","type-post","status-publish","format-standard","has-post-thumbnail","hentry","category-minuto-a-minuto","category-zona-blanca","tag-corredor-interoceanico-del-istmo-de-tehuantepec"],"jetpack_featured_media_url":"https:\/\/zonaroja.com.mx\/wp-content\/uploads\/2023\/05\/Corredor-Interoceanico-del-Istmo-Oaxaca.png","jetpack_sharing_enabled":true,"_links":{"self":[{"href":"https:\/\/zonaroja.com.mx\/index.php?rest_route=\/wp\/v2\/posts\/63394","targetHints":{"allow":["GET"]}}],"collection":[{"href":"https:\/\/zonaroja.com.mx\/index.php?rest_route=\/wp\/v2\/posts"}],"about":[{"href":"https:\/\/zonaroja.com.mx\/index.php?rest_route=\/wp\/v2\/types\/post"}],"author":[{"embeddable":true,"href":"https:\/\/zonaroja.com.mx\/index.php?rest_route=\/wp\/v2\/users\/2"}],"replies":[{"embeddable":true,"href":"https:\/\/zonaroja.com.mx\/index.php?rest_route=%2Fwp%2Fv2%2Fcomments&post=63394"}],"version-history":[{"count":1,"href":"https:\/\/zonaroja.com.mx\/index.php?rest_route=\/wp\/v2\/posts\/63394\/revisions"}],"predecessor-version":[{"id":63395,"href":"https:\/\/zonaroja.com.mx\/index.php?rest_route=\/wp\/v2\/posts\/63394\/revisions\/63395"}],"wp:featuredmedia":[{"embeddable":true,"href":"https:\/\/zonaroja.com.mx\/index.php?rest_route=\/wp\/v2\/media\/55049"}],"wp:attachment":[{"href":"https:\/\/zonaroja.com.mx\/index.php?rest_route=%2Fwp%2Fv2%2Fmedia&parent=63394"}],"wp:term":[{"taxonomy":"category","embeddable":true,"href":"https:\/\/zonaroja.com.mx\/index.php?rest_route=%2Fwp%2Fv2%2Fcategories&post=63394"},{"taxonomy":"post_tag","embeddable":true,"href":"https:\/\/zonaroja.com.mx\/index.php?rest_route=%2Fwp%2Fv2%2Ftags&post=63394"}],"curies":[{"name":"wp","href":"https:\/\/api.w.org\/{rel}","templated":true}]}}