{"id":63398,"date":"2023-12-20T12:30:00","date_gmt":"2023-12-20T18:30:00","guid":{"rendered":"http:\/\/www.zonaroja.com.mx\/?p=63398"},"modified":"2023-12-20T07:42:52","modified_gmt":"2023-12-20T13:42:52","slug":"anuncia-la-profeco-operativo-fiestas-decembrinas-2023","status":"publish","type":"post","link":"https:\/\/zonaroja.com.mx\/?p=63398","title":{"rendered":"Anuncia la Profeco operativo \u201cFiestas decembrinas 2023\u201d"},"content":{"rendered":"\n<p>Redacci\u00f3n\/Zona Roja.<\/p>\n\n\n\n<p>Oaxaca de Ju\u00e1rez, Oax., a&nbsp;20&nbsp;de diciembre&nbsp;de 2023.-&nbsp;Durante&nbsp;la temporada de alto consumo por las celebraciones de fin de a\u00f1o, la Procuradur\u00eda Federal del Consumidor (Profeco) en Oaxaca, anunci\u00f3&nbsp;que se implementa&nbsp;el Programa de Verificaci\u00f3n y Vigilancia \u201cFiestas Decembrinas 2023\u201d.<\/p>\n\n\n\n<p>Ello en cumplimiento con la instrucci\u00f3n de David Aguilar Romero,&nbsp;procurador Federal del Consumidor, de asesorar y brindar atenci\u00f3n directa a los consumidores que se vean sorprendidos por proveedores abusivos en esta \u00e9poca del a\u00f1o.<\/p>\n\n\n\n<p>Como&nbsp;acciones preventivas,&nbsp;la Profeco realiza visitas de vigilancia a ferias instaladas en las principales calles de Oaxaca,&nbsp;establecimientos&nbsp;en plazas y centros comerciales&nbsp;con mayor actividad&nbsp;comercial,&nbsp;para supervisar&nbsp;se exhiban de manera correcta, clara y visible los precios de los productos, condiciones de los servicios y toda la informaci\u00f3n que permita decidir si consumen o no en el lugar.&nbsp;<\/p>\n\n\n\n<p>Los giros visitados principalmente son: tiendas de autoservicio y de conveniencia, ropa, calzado, productos navide\u00f1os, dulcer\u00edas, panader\u00edas, rosticer\u00edas, carnicer\u00edas, vinater\u00edas, restaurantes, hoteles.&nbsp;<\/p>\n\n\n\n<p>Tambi\u00e9n se&nbsp;colocan anuncios y dec\u00e1logos de derechos informativos en el Aeropuerto Internacional \u201cBenito Ju\u00e1rez\u201d, la terminal de autobuses ADO en Oaxaca,&nbsp;Huatulco&nbsp;y Puerto Escondido,&nbsp;y se&nbsp;atienden denuncias de consumidores en visitas en las que se verifica el cumplimiento de promociones y ofertas anunciadas, que proveedores entreguen comprobantes, notas de venta o tickets,&nbsp;y que no existan pr\u00e1cticas comerciales abusivas.&nbsp;<\/p>\n\n\n\n<p>La Profeco atiende en&nbsp;un horario h\u00e1bil de 09:00 a 15:00 horas para asesor\u00edas, quejas o denuncias o a los tel\u00e9fonos 951 51 31399 o 951 51 34141, en cuyas&nbsp;l\u00edneas&nbsp;atiende personal capacitado.<\/p>\n\n\n\n<p>Exhorta&nbsp;a consumidores a que en estas festividades de fin de a\u00f1o procuren &nbsp;un consumo razonado e informado; comprar lo que se puede pagar y&nbsp;evitar el endeudamiento.&nbsp;<\/p>\n\n\n\n<p>Tambi\u00e9n recuerda evitar&nbsp;comprar en redes sociales o portales no seguros y rastrear los precios en el&nbsp;\u201cQui\u00e9n es qui\u00e9n en los precios\u201d, en el que se pueden comparar&nbsp;precios&nbsp;de miles de productos en el mercado y, sobre todo que:&nbsp;regale afecto \u00a1no lo compre!<\/p>\n","protected":false},"excerpt":{"rendered":"<p>Redacci\u00f3n\/Zona Roja. Oaxaca de Ju\u00e1rez, Oax., a&nbsp;20&nbsp;de diciembre&nbsp;de 2023.-&nbsp;Durante&nbsp;la temporada de alto consumo por las&hellip;<\/p>\n","protected":false},"author":2,"featured_media":10274,"comment_status":"closed","ping_status":"open","sticky":false,"template":"","format":"standard","meta":{"_lmt_disableupdate":"","_lmt_disable":"","_jetpack_memberships_contains_paid_content":false,"footnotes":""},"categories":[109,46],"tags":[788],"class_list":["post-63398","post","type-post","status-publish","format-standard","has-post-thumbnail","hentry","category-minuto-a-minuto","category-zona-blanca","tag-profeco-oaxaca"],"jetpack_featured_media_url":"https:\/\/zonaroja.com.mx\/wp-content\/uploads\/2020\/03\/Image-1-58-1.png","jetpack_sharing_enabled":true,"_links":{"self":[{"href":"https:\/\/zonaroja.com.mx\/index.php?rest_route=\/wp\/v2\/posts\/63398","targetHints":{"allow":["GET"]}}],"collection":[{"href":"https:\/\/zonaroja.com.mx\/index.php?rest_route=\/wp\/v2\/posts"}],"about":[{"href":"https:\/\/zonaroja.com.mx\/index.php?rest_route=\/wp\/v2\/types\/post"}],"author":[{"embeddable":true,"href":"https:\/\/zonaroja.com.mx\/index.php?rest_route=\/wp\/v2\/users\/2"}],"replies":[{"embeddable":true,"href":"https:\/\/zonaroja.com.mx\/index.php?rest_route=%2Fwp%2Fv2%2Fcomments&post=63398"}],"version-history":[{"count":1,"href":"https:\/\/zonaroja.com.mx\/index.php?rest_route=\/wp\/v2\/posts\/63398\/revisions"}],"predecessor-version":[{"id":63400,"href":"https:\/\/zonaroja.com.mx\/index.php?rest_route=\/wp\/v2\/posts\/63398\/revisions\/63400"}],"wp:featuredmedia":[{"embeddable":true,"href":"https:\/\/zonaroja.com.mx\/index.php?rest_route=\/wp\/v2\/media\/10274"}],"wp:attachment":[{"href":"https:\/\/zonaroja.com.mx\/index.php?rest_route=%2Fwp%2Fv2%2Fmedia&parent=63398"}],"wp:term":[{"taxonomy":"category","embeddable":true,"href":"https:\/\/zonaroja.com.mx\/index.php?rest_route=%2Fwp%2Fv2%2Fcategories&post=63398"},{"taxonomy":"post_tag","embeddable":true,"href":"https:\/\/zonaroja.com.mx\/index.php?rest_route=%2Fwp%2Fv2%2Ftags&post=63398"}],"curies":[{"name":"wp","href":"https:\/\/api.w.org\/{rel}","templated":true}]}}