{"id":63408,"date":"2023-12-20T14:15:53","date_gmt":"2023-12-20T20:15:53","guid":{"rendered":"http:\/\/www.zonaroja.com.mx\/?p=63408"},"modified":"2023-12-20T14:16:01","modified_gmt":"2023-12-20T20:16:01","slug":"matan-en-oaxaca-a-2-mujeres-entre-ellas-una-nina-van-6-feminicidios-este-mes","status":"publish","type":"post","link":"https:\/\/zonaroja.com.mx\/?p=63408","title":{"rendered":"Matan en Oaxaca a 2 mujeres, entre ellas una ni\u00f1a; van 6 feminicidios este mes"},"content":{"rendered":"\n<p>Yuridiana Sosa\/ Zona Roja.<\/p>\n\n\n\n<p>Oaxaca de Ju\u00e1rez, Oax., a 20 de diciembre de 2023.- La violencia feminicida contin\u00faa en Oaxaca, con un saldo de seis mujeres asesinadas en el transcurso de diciembre.<\/p>\n\n\n\n<p>El hecho m\u00e1s reciente se registr\u00f3&nbsp;este mi\u00e9rcoles&nbsp;contra una madre e hija menor de edad en el municipio de Miahuatl\u00e1n de Porfirio D\u00edaz, quienes presuntamente fueron asesinadas con disparos de arma de fuego.<\/p>\n\n\n\n<p>De acuerdo con los reportes policiales, durante el ataque otra menor de edad, hija de la v\u00edctima, result\u00f3 lesionada, lo que result\u00f3 en su traslado para atenci\u00f3n m\u00e9dica. <\/p>\n\n\n\n<p>La mujer fue identificada como Catalina A. de 27 a\u00f1os de edad y su hija menor de 9 a\u00f1os de edad.<\/p>\n\n\n\n<p>El ataque, del cual se desconocen los motivos de su origen, ocurri\u00f3 dentro de un domicilio particular de la colonia Jardines la Esperanza, de Miahuatl\u00e1n, alrededor&nbsp;de las 9:00&nbsp;horas.&nbsp;<\/p>\n\n\n\n<p>OTRAS MUERTES<\/p>\n\n\n\n<p>Los feminicidios ensombrecen el \u00faltimo mes del a\u00f1o en Oaxaca.&nbsp;<\/p>\n\n\n\n<p>La madrugada del pasado 18 de diciembre una mujer de 42 a\u00f1os de edad fue asesinada a balazos en San Pablo Huixtepec, municipio de la regi\u00f3n Valles Centrales de Oaxaca.<\/p>\n\n\n\n<p>Los primeros reportes indicaron que el probable feminicida ser\u00eda su pareja, quien huy\u00f3 del hogar donde ocurri\u00f3 el hecho.<\/p>\n\n\n\n<p>D\u00edas antes, otras dos mujeres de edad adulta fueron asesinadas en la localidad de Agua de Cedro, municipio de San Jos\u00e9 Tenango, en la regi\u00f3n Sierra de Flores Mag\u00f3n del estado de Oaxaca.<\/p>\n\n\n\n<p>La Fiscal\u00eda General del Estado de Oaxaca inici\u00f3 las investigaciones bajo los protocolos de feminicidio,<\/p>\n\n\n\n<p>Mientras que a inicios de mes,&nbsp;el d\u00eda 9, se registr\u00f3 el asesinato a machetazos de la joven Jocelyn H. C., de aproximadamente 22 a\u00f1os de edad, en el municipio de Villa de Zaachila.&nbsp;<\/p>\n\n\n\n<p>La Fiscal\u00eda General de Estado confirm\u00f3 el crimen perpetrado cerca del tiradero de basura, en la colonia Renacimiento; los reportes indicaron que el presunto asesino fue un joven de 22 a\u00f1os de edad, originario de la ciudad de Oaxaca.&nbsp;<\/p>\n\n\n\n<p>La instituci\u00f3n report\u00f3&nbsp; horas despu\u00e9s la detenci\u00f3n de una persona por la Agencia Estatal de Investigaci\u00f3n.<\/p>\n\n\n\n<p> <\/p>\n","protected":false},"excerpt":{"rendered":"<p>Yuridiana Sosa\/ Zona Roja. Oaxaca de Ju\u00e1rez, Oax., a 20 de diciembre de 2023.- La&hellip;<\/p>\n","protected":false},"author":2,"featured_media":63407,"comment_status":"closed","ping_status":"open","sticky":false,"template":"","format":"standard","meta":{"_lmt_disableupdate":"","_lmt_disable":"","_jetpack_memberships_contains_paid_content":false,"footnotes":""},"categories":[109,51],"tags":[],"class_list":["post-63408","post","type-post","status-publish","format-standard","has-post-thumbnail","hentry","category-minuto-a-minuto","category-zona-roja"],"jetpack_featured_media_url":"https:\/\/zonaroja.com.mx\/wp-content\/uploads\/2023\/12\/290e21ea-445d-4ae4-b56e-ffee1877a07d-1.jpg","jetpack_sharing_enabled":true,"_links":{"self":[{"href":"https:\/\/zonaroja.com.mx\/index.php?rest_route=\/wp\/v2\/posts\/63408","targetHints":{"allow":["GET"]}}],"collection":[{"href":"https:\/\/zonaroja.com.mx\/index.php?rest_route=\/wp\/v2\/posts"}],"about":[{"href":"https:\/\/zonaroja.com.mx\/index.php?rest_route=\/wp\/v2\/types\/post"}],"author":[{"embeddable":true,"href":"https:\/\/zonaroja.com.mx\/index.php?rest_route=\/wp\/v2\/users\/2"}],"replies":[{"embeddable":true,"href":"https:\/\/zonaroja.com.mx\/index.php?rest_route=%2Fwp%2Fv2%2Fcomments&post=63408"}],"version-history":[{"count":1,"href":"https:\/\/zonaroja.com.mx\/index.php?rest_route=\/wp\/v2\/posts\/63408\/revisions"}],"predecessor-version":[{"id":63409,"href":"https:\/\/zonaroja.com.mx\/index.php?rest_route=\/wp\/v2\/posts\/63408\/revisions\/63409"}],"wp:featuredmedia":[{"embeddable":true,"href":"https:\/\/zonaroja.com.mx\/index.php?rest_route=\/wp\/v2\/media\/63407"}],"wp:attachment":[{"href":"https:\/\/zonaroja.com.mx\/index.php?rest_route=%2Fwp%2Fv2%2Fmedia&parent=63408"}],"wp:term":[{"taxonomy":"category","embeddable":true,"href":"https:\/\/zonaroja.com.mx\/index.php?rest_route=%2Fwp%2Fv2%2Fcategories&post=63408"},{"taxonomy":"post_tag","embeddable":true,"href":"https:\/\/zonaroja.com.mx\/index.php?rest_route=%2Fwp%2Fv2%2Ftags&post=63408"}],"curies":[{"name":"wp","href":"https:\/\/api.w.org\/{rel}","templated":true}]}}