{"id":6341,"date":"2019-12-04T12:01:50","date_gmt":"2019-12-04T18:01:50","guid":{"rendered":"https:\/\/www.zonaroja.com.mx\/?p=6341"},"modified":"2019-12-04T12:01:51","modified_gmt":"2019-12-04T18:01:51","slug":"usa-fiscalia-grupo-antisecuestro-para-rescatar-a-110-personas-pero-no-haya-delito","status":"publish","type":"post","link":"https:\/\/zonaroja.com.mx\/?p=6341","title":{"rendered":"Usa Fiscal\u00eda grupo antisecuestro para rescatar a 110 personas&#8230; pero no haya delito"},"content":{"rendered":"\n<p>Redacci\u00f3n\/Zona Roja. <\/p>\n\n\n\n<p>Oaxaca de Ju\u00e1rez, Oax., 4 de diciembre de 2019.- La Unidad Especializada en Combate al Secuestro (UECS) y otras fuerzas de la Fiscal\u00eda General del Estado de Oaxaca allanaron la noche del domingo un domicilio en San Antonio de la Cal, para rescatar a 110 presuntas v\u00edctimas. <\/p>\n\n\n\n<p>Sin embargo, la propia instancia de procuraci\u00f3n de justicia reconoci\u00f3 en un comunicado que no hall\u00f3 delito alguno.<\/p>\n\n\n\n<p>\u201cLuego de las diligencias realizadas por personal de diversas \u00e1reas de la FGEO \u2013como el Centro de Justicia para Mujeres, Vicesfiscal\u00eda General de Atenci\u00f3n a V\u00edctimas y a la Sociedad, Fiscal\u00eda Especializada para la Atenci\u00f3n de Delitos contra la Mujer por Raz\u00f3n de G\u00e9nero y la FEDAI- se descarta la comisi\u00f3n de delitos de secuestro, trata de personas, explotaci\u00f3n laboral, violaci\u00f3n y abuso sexual\u201d, expuso.<\/p>\n\n\n\n<p>Indic\u00f3 que el rescate ocurri\u00f3 en una casa de culto denominada \u201cLibertadores de Israel, Casa de Oraci\u00f3n y Restauraci\u00f3n\u201d ubicada en la Secci\u00f3n Casa del Temblor, municipio de San Antonio de la Cal; las personas \u201deran maltratadas, permanec\u00edan hacinadas y en condiciones insalubres\u201d, expuso. <\/p>\n\n\n\n<p>\u201cEl rescate de las v\u00edctimas se llev\u00f3 a cabo luego de una denuncia an\u00f3nima a la Fiscal\u00eda Especializada para la Atenci\u00f3n a Delitos de Alto Impacto (FEDAI), la cual refer\u00eda que una persona estaba en ese domicilio privada de libertad.<\/p>\n\n\n\n<p class=\"MsoNormal\">\u201cPor estos hechos y tras realizar tareas de inteligencia, personal multidisciplinario de la FGEO\u2013integrado por agentes estatales de investigaci\u00f3n, agentes del Ministerio P\u00fablico y peritos- se apersonaron al domicilio que operaba como centro religioso de rehabilitaci\u00f3n, logrando el rescate de las 110 v\u00edctimas hacinadas en cinco cuartos, las cuales no contaban con los beneficios \u00f3ptimos de alimentaci\u00f3n, salud, educaci\u00f3n, higiene y convivencia.<\/p>\n\n\n\n<p class=\"MsoNormal\">\u201cDurante este operativo se logr\u00f3 adem\u00e1s la detenci\u00f3n de seis personas del sexo masculino, las cuales fueron presentadas ante la representaci\u00f3n social por los delitos de violaci\u00f3n de garant\u00edas, golpes y lesiones, integrando la carpeta de investigaci\u00f3n 41841\/FDAI\/UETP\/2019.&nbsp;<\/p>\n\n\n\n<p class=\"MsoNormal\">\u201cTanto las v\u00edctimas rescatadas, como los detenidos fueron trasladados al edificio de la Agencia Estatal de Investigaciones (AEI), donde rindieron su declaraci\u00f3n ministerial para deslindar responsabilidades\u201d, expuso en el comunicado.&nbsp;<\/p>\n\n\n\n<p class=\"MsoNormal\">No obstante, \u201cluego de localizar a los familiares de las personas rescatadas, un total de 101 v\u00edctimas han sido reintegradas a sus n\u00facleos familiares y s\u00f3lo nueve de ellas se encuentran en espera de ser entregadas a sus familiares, mismas que permanecen en instalaciones de la AEI\u201d, agreg\u00f3.&nbsp;<\/p>\n","protected":false},"excerpt":{"rendered":"<p>Redacci\u00f3n\/Zona Roja. Oaxaca de Ju\u00e1rez, Oax., 4 de diciembre de 2019.- La Unidad Especializada en&hellip;<\/p>\n","protected":false},"author":2,"featured_media":6340,"comment_status":"closed","ping_status":"open","sticky":false,"template":"","format":"standard","meta":{"_lmt_disableupdate":"","_lmt_disable":"","_jetpack_memberships_contains_paid_content":false,"footnotes":""},"categories":[109,51],"tags":[494],"class_list":["post-6341","post","type-post","status-publish","format-standard","has-post-thumbnail","hentry","category-minuto-a-minuto","category-zona-roja","tag-fiscalia-general-del-estado-de-oaxaca"],"jetpack_featured_media_url":"https:\/\/zonaroja.com.mx\/wp-content\/uploads\/2019\/12\/img_5470.jpg","jetpack_sharing_enabled":true,"_links":{"self":[{"href":"https:\/\/zonaroja.com.mx\/index.php?rest_route=\/wp\/v2\/posts\/6341","targetHints":{"allow":["GET"]}}],"collection":[{"href":"https:\/\/zonaroja.com.mx\/index.php?rest_route=\/wp\/v2\/posts"}],"about":[{"href":"https:\/\/zonaroja.com.mx\/index.php?rest_route=\/wp\/v2\/types\/post"}],"author":[{"embeddable":true,"href":"https:\/\/zonaroja.com.mx\/index.php?rest_route=\/wp\/v2\/users\/2"}],"replies":[{"embeddable":true,"href":"https:\/\/zonaroja.com.mx\/index.php?rest_route=%2Fwp%2Fv2%2Fcomments&post=6341"}],"version-history":[{"count":1,"href":"https:\/\/zonaroja.com.mx\/index.php?rest_route=\/wp\/v2\/posts\/6341\/revisions"}],"predecessor-version":[{"id":6342,"href":"https:\/\/zonaroja.com.mx\/index.php?rest_route=\/wp\/v2\/posts\/6341\/revisions\/6342"}],"wp:featuredmedia":[{"embeddable":true,"href":"https:\/\/zonaroja.com.mx\/index.php?rest_route=\/wp\/v2\/media\/6340"}],"wp:attachment":[{"href":"https:\/\/zonaroja.com.mx\/index.php?rest_route=%2Fwp%2Fv2%2Fmedia&parent=6341"}],"wp:term":[{"taxonomy":"category","embeddable":true,"href":"https:\/\/zonaroja.com.mx\/index.php?rest_route=%2Fwp%2Fv2%2Fcategories&post=6341"},{"taxonomy":"post_tag","embeddable":true,"href":"https:\/\/zonaroja.com.mx\/index.php?rest_route=%2Fwp%2Fv2%2Ftags&post=6341"}],"curies":[{"name":"wp","href":"https:\/\/api.w.org\/{rel}","templated":true}]}}