{"id":63415,"date":"2023-12-20T19:49:28","date_gmt":"2023-12-21T01:49:28","guid":{"rendered":"http:\/\/www.zonaroja.com.mx\/?p=63415"},"modified":"2023-12-20T19:49:30","modified_gmt":"2023-12-21T01:49:30","slug":"universidad-comunal-de-oaxaca-exige-al-legislativo-aprobar-ley-organica","status":"publish","type":"post","link":"https:\/\/zonaroja.com.mx\/?p=63415","title":{"rendered":"Universidad Comunal de Oaxaca exige al Legislativo aprobar Ley Org\u00e1nica"},"content":{"rendered":"\n<p>Ismael Garc\u00eda M.\/Zona Roja.<\/p>\n\n\n\n<p>Oaxaca de Ju\u00e1rez, Oax., a 20 de diciembre de 2023.- Responsables de instituciones y directivos de la Universidad Aut\u00f3noma Comunal de Oaxaca demandaron al Poder Legislativo aprobar a la brevedad la Ley Org\u00e1nica de esa instancia universitaria que atiende a unos mil 200 j\u00f3venes ind\u00edgenas.<\/p>\n\n\n\n<p>El dictamen fue elaborado a finales de mayo pasado pero a la fecha no ha sido turnado al pleno de la 65 Legislatura; el retraso ha afectado de diversas formas a los 16 planteles, entre ellos la cancelaci\u00f3n de becas a al menos 300 alumnos.<\/p>\n\n\n\n<p>En conferencia de prensa desde el z\u00f3calo de la capital, los directivos, encabezados por el rector Rigoberto V\u00e1squez Garc\u00eda, se\u00f1alaron que en el a\u00f1o 2020 fue creada la Universidad; el a\u00f1o pasado se aprob\u00f3 la respectiva Ley Org\u00e1nica.<\/p>\n\n\n\n<p>Sin embargo, la Suprema Corte de Justicia de la Naci\u00f3n (SCJN) la anul\u00f3 al inicio de este a\u00f1o debido a diversas inconsistencias, entre ellas que no se consult\u00f3 a los pueblos y comunidades para su elaboraci\u00f3n.<\/p>\n\n\n\n<p>La 65 Legislatura efectu\u00f3 en los primeros meses de este a\u00f1o diversos foros de consulta luego de lo cual la Comisi\u00f3n de Educaci\u00f3n elabor\u00f3 el dictamen respectivo, pero hasta la fecha no ha sido turnado al pleno para su aprobaci\u00f3n.<\/p>\n\n\n\n<p>La iniciativa fue turnada el pasado 3 de abril a la Secretar\u00eda de Servicios Parlamentarios, y el decreto fue remitido el 30 de mayo a la Direcci\u00f3n de Apoyo Legislativo del Congreso para su respectivo tr\u00e1mite.<\/p>\n\n\n\n<p>\u201cDesde esa fecha lo que hemos recibido son excusas y pretextos que no nos dan certeza de por qu\u00e9 la Ley Org\u00e1nica, derivada de la consulta previa, libre e informada, no es turnada al pleno para su lectura y aprobaci\u00f3n.<\/p>\n\n\n\n<p>\u201cLo cual ante otras instancias, supone una incertidumbre que limita nuestra gesti\u00f3n en beneficio de nuestras comunidades, por ejemplo la p\u00e9rdida de m\u00e1s de 300 becas de \u2018J\u00f3venes escribiendo el futuro\u2019, as\u00ed como el acceso a fondos para la infraestructura y equipamiento, tras el vencimiento del plazo establecido por la Suprema Corte\u201d, rese\u00f1aron en un comunicado.<\/p>\n\n\n\n<p>\u201cEste contexto coloca al Congreso del Estado en incumplimiento a la sentencia de la Suprema Corte de Justicia, puesto que desde febrero de 2023 se venci\u00f3 el t\u00e9rmino definido.&nbsp;<\/p>\n\n\n\n<p>\u201cEsta situaci\u00f3n no es ajena a la actual administraci\u00f3n que encabeza el ingeniero Salom\u00f3n Jara Cruz, ya que hemos informado a la titular de la Secretar\u00eda de Educaci\u00f3n P\u00fablica y a la Consejer\u00eda Jur\u00eddica, a quienes hemos solicitado su apoyo e intervenci\u00f3n; ha habido respuestas institucionales y seguimos una ruta de trabajo; sin embargo, en el Congreso no ha habido una respuesta\u201d, remarcaron.<\/p>\n\n\n\n<figure class=\"wp-block-embed\"><div class=\"wp-block-embed__wrapper\">\nhttps:\/\/x.com\/ZonaRoja_Oaxaca\/status\/1737521120004166096?s=20\n<\/div><\/figure>\n","protected":false},"excerpt":{"rendered":"<p>Ismael Garc\u00eda M.\/Zona Roja. Oaxaca de Ju\u00e1rez, Oax., a 20 de diciembre de 2023.- Responsables&hellip;<\/p>\n","protected":false},"author":2,"featured_media":63416,"comment_status":"closed","ping_status":"open","sticky":false,"template":"","format":"standard","meta":{"_lmt_disableupdate":"","_lmt_disable":"","_jetpack_memberships_contains_paid_content":false,"footnotes":""},"categories":[109,47],"tags":[3764],"class_list":["post-63415","post","type-post","status-publish","format-standard","has-post-thumbnail","hentry","category-minuto-a-minuto","category-zona-gris","tag-universidad-autonoma-comunal-de-oaxaca-uaco"],"jetpack_featured_media_url":"https:\/\/zonaroja.com.mx\/wp-content\/uploads\/2023\/12\/Conferencia-Universidad-Autonoma-Comunal-de-Oaxaca.jpg","jetpack_sharing_enabled":true,"_links":{"self":[{"href":"https:\/\/zonaroja.com.mx\/index.php?rest_route=\/wp\/v2\/posts\/63415","targetHints":{"allow":["GET"]}}],"collection":[{"href":"https:\/\/zonaroja.com.mx\/index.php?rest_route=\/wp\/v2\/posts"}],"about":[{"href":"https:\/\/zonaroja.com.mx\/index.php?rest_route=\/wp\/v2\/types\/post"}],"author":[{"embeddable":true,"href":"https:\/\/zonaroja.com.mx\/index.php?rest_route=\/wp\/v2\/users\/2"}],"replies":[{"embeddable":true,"href":"https:\/\/zonaroja.com.mx\/index.php?rest_route=%2Fwp%2Fv2%2Fcomments&post=63415"}],"version-history":[{"count":1,"href":"https:\/\/zonaroja.com.mx\/index.php?rest_route=\/wp\/v2\/posts\/63415\/revisions"}],"predecessor-version":[{"id":63417,"href":"https:\/\/zonaroja.com.mx\/index.php?rest_route=\/wp\/v2\/posts\/63415\/revisions\/63417"}],"wp:featuredmedia":[{"embeddable":true,"href":"https:\/\/zonaroja.com.mx\/index.php?rest_route=\/wp\/v2\/media\/63416"}],"wp:attachment":[{"href":"https:\/\/zonaroja.com.mx\/index.php?rest_route=%2Fwp%2Fv2%2Fmedia&parent=63415"}],"wp:term":[{"taxonomy":"category","embeddable":true,"href":"https:\/\/zonaroja.com.mx\/index.php?rest_route=%2Fwp%2Fv2%2Fcategories&post=63415"},{"taxonomy":"post_tag","embeddable":true,"href":"https:\/\/zonaroja.com.mx\/index.php?rest_route=%2Fwp%2Fv2%2Ftags&post=63415"}],"curies":[{"name":"wp","href":"https:\/\/api.w.org\/{rel}","templated":true}]}}