{"id":63425,"date":"2023-12-21T06:57:03","date_gmt":"2023-12-21T12:57:03","guid":{"rendered":"http:\/\/www.zonaroja.com.mx\/?p=63425"},"modified":"2023-12-21T06:57:06","modified_gmt":"2023-12-21T12:57:06","slug":"continuaran-las-heladas-en-la-mayor-parte-de-mexico","status":"publish","type":"post","link":"https:\/\/zonaroja.com.mx\/?p=63425","title":{"rendered":"Continuar\u00e1n las heladas en la mayor parte de M\u00e9xico"},"content":{"rendered":"\n<p>Redacci\u00f3n\/Zona Roja Cdmx.<\/p>\n\n\n\n<p>Ciudad de M\u00e9xico, a 21 de diciembre de 2023.- El ambiente g\u00e9lido que se sinti\u00f3 en las primeras horas de este mi\u00e9rcoles 20 de diciembre es apenas una \u2018probadita\u2019 del fr\u00edo intenso en M\u00e9xico que se sentir\u00e1 en los pr\u00f3ximos d\u00edas.<\/p>\n\n\n\n<p>As\u00ed lo indica el pron\u00f3stico extendido a 96 horas de la Comisi\u00f3n Nacional del Agua (Conagua), que prev\u00e9 la llegada a M\u00e9xico del Frente Fr\u00edo 19 y de la segunda tormenta invernal de la temporada en los pr\u00f3ximos d\u00edas.<\/p>\n\n\n\n<p>Ambos fen\u00f3menos meteorol\u00f3gicos ingresar\u00e1n a M\u00e9xico, que a\u00fan resiente los efectos del Frente Fr\u00edo 17, principal responsable de las bajas temperaturas en el pa\u00eds de los d\u00edas recientes.<\/p>\n\n\n\n<p>De acuerdo con el pron\u00f3stico del clima para M\u00e9xico del Servicio Meteorol\u00f3gico Nacional (SMN), la \u201cmasa de aire fr\u00edo asociada al frente n\u00famero 17 continuar\u00e1 generando ambiente matutino y nocturno fr\u00edo a muy fr\u00edo\u201d y se prev\u00e9n heladas durante la madrugada del jueves.<\/p>\n\n\n\n<p>NUEVO FRENTE<\/p>\n\n\n\n<p>Es hora de ponerse serio, su\u00e9ter y hasta guantes. El pron\u00f3stico del tiempo para M\u00e9xico se\u00f1ala que el frente fr\u00edo 19 ingresar\u00e1 a territorio nacional este jueves 21 de diciembre y no viene solo.<\/p>\n\n\n\n<p>La nueva onda de fr\u00edo intenso en M\u00e9xico llegar\u00e1 acompa\u00f1ada de otros sistemas meteorol\u00f3gicos que provocar\u00e1n heladas as\u00ed como la posible ca\u00edda de nieve y aguanieve.<\/p>\n\n\n\n<p>TORMENTA INVERNAL<\/p>\n\n\n\n<p>Seg\u00fan el pron\u00f3stico del clima del SMN, el frente fr\u00edo 19 se asociar\u00e1 con un canal de baja presi\u00f3n y el resultado ser\u00e1 la (posible) segunda tormenta invernal de la temporada.<\/p>\n\n\n\n<p>Esta tormenta invernal se aproximar\u00e1 a la Pen\u00ednsula de Baja California, durante el viernes ingresar\u00e1 a dicha Pen\u00ednsula. Un d\u00eda despu\u00e9s, se desplazar\u00e1 sobre el noroeste de la Rep\u00fablica Mexicana, causando \u201cun marcado descenso de las temperaturas, vientos fuertes a muy fuertes con posibles tolvaneras, chubascos y lluvias fuertes acompa\u00f1adas de descargas el\u00e9ctricas\u201d.<\/p>\n\n\n\n<p>(Informaci\u00f3n de \u201cEl Financiero\u201d)<\/p>\n","protected":false},"excerpt":{"rendered":"<p>Redacci\u00f3n\/Zona Roja Cdmx. Ciudad de M\u00e9xico, a 21 de diciembre de 2023.- El ambiente g\u00e9lido&hellip;<\/p>\n","protected":false},"author":2,"featured_media":63426,"comment_status":"closed","ping_status":"open","sticky":false,"template":"","format":"standard","meta":{"_lmt_disableupdate":"","_lmt_disable":"","_jetpack_memberships_contains_paid_content":false,"footnotes":""},"categories":[109,47],"tags":[3693],"class_list":["post-63425","post","type-post","status-publish","format-standard","has-post-thumbnail","hentry","category-minuto-a-minuto","category-zona-gris","tag-frente-frio-oaxaca"],"jetpack_featured_media_url":"https:\/\/zonaroja.com.mx\/wp-content\/uploads\/2023\/12\/Heladas-Mexico.jpeg","jetpack_sharing_enabled":true,"_links":{"self":[{"href":"https:\/\/zonaroja.com.mx\/index.php?rest_route=\/wp\/v2\/posts\/63425","targetHints":{"allow":["GET"]}}],"collection":[{"href":"https:\/\/zonaroja.com.mx\/index.php?rest_route=\/wp\/v2\/posts"}],"about":[{"href":"https:\/\/zonaroja.com.mx\/index.php?rest_route=\/wp\/v2\/types\/post"}],"author":[{"embeddable":true,"href":"https:\/\/zonaroja.com.mx\/index.php?rest_route=\/wp\/v2\/users\/2"}],"replies":[{"embeddable":true,"href":"https:\/\/zonaroja.com.mx\/index.php?rest_route=%2Fwp%2Fv2%2Fcomments&post=63425"}],"version-history":[{"count":1,"href":"https:\/\/zonaroja.com.mx\/index.php?rest_route=\/wp\/v2\/posts\/63425\/revisions"}],"predecessor-version":[{"id":63427,"href":"https:\/\/zonaroja.com.mx\/index.php?rest_route=\/wp\/v2\/posts\/63425\/revisions\/63427"}],"wp:featuredmedia":[{"embeddable":true,"href":"https:\/\/zonaroja.com.mx\/index.php?rest_route=\/wp\/v2\/media\/63426"}],"wp:attachment":[{"href":"https:\/\/zonaroja.com.mx\/index.php?rest_route=%2Fwp%2Fv2%2Fmedia&parent=63425"}],"wp:term":[{"taxonomy":"category","embeddable":true,"href":"https:\/\/zonaroja.com.mx\/index.php?rest_route=%2Fwp%2Fv2%2Fcategories&post=63425"},{"taxonomy":"post_tag","embeddable":true,"href":"https:\/\/zonaroja.com.mx\/index.php?rest_route=%2Fwp%2Fv2%2Ftags&post=63425"}],"curies":[{"name":"wp","href":"https:\/\/api.w.org\/{rel}","templated":true}]}}