{"id":63428,"date":"2023-12-21T08:30:00","date_gmt":"2023-12-21T14:30:00","guid":{"rendered":"http:\/\/www.zonaroja.com.mx\/?p=63428"},"modified":"2023-12-21T07:02:25","modified_gmt":"2023-12-21T13:02:25","slug":"reconoce-congreso-a-paraciclista-oaxaquena-gilda-andrea","status":"publish","type":"post","link":"https:\/\/zonaroja.com.mx\/?p=63428","title":{"rendered":"Reconoce Congreso a paraciclista oaxaque\u00f1a Gilda Andrea"},"content":{"rendered":"\n<p>Redacci\u00f3n\/Zona Roja.<\/p>\n\n\n\n<p>Oaxaca de Ju\u00e1rez, Oax., a 21 de diciembre de 2023.- Por la destacada participaci\u00f3n de la deportista Gilda Andrea Hern\u00e1ndez Ram\u00edrez en paraciclismo, en los Juegos Parapanamericanos 2023 celebrados en Santiago, Chile, las y los diputados de la 65 Legislatura local reconocieron a la oaxaque\u00f1a, quien ha sobresalido a nivel nacional e internacional.&nbsp;<\/p>\n\n\n\n<p>En sesi\u00f3n ordinaria de este mi\u00e9rcoles, las y los congresistas de la Junta de Coordinaci\u00f3n Pol\u00edtica (Jucopo) que preside el diputado Sergio L\u00f3pez S\u00e1nchez, entregaron el reconocimiento a la joven paraciclista, de 23 a\u00f1os de edad.<\/p>\n\n\n\n<p>\u00abHacemos este justo reconocimiento a su constancia, su tenacidad de poner muy en alto el nombre de Oaxaca y de M\u00e9xico en estos espacios silenciosos, callados y espacios muy pocos reconocidos, lamentablemente, pero en el que se demuestra y se acredita el talento, el conocimiento, la experiencia de extraordinarios deportistas como Andrea, quien es un ejemplo a seguir\u00bb, expres\u00f3 la diputada Eva Diego Cruz, coordinadora del grupo parlamentario del Partido Verde Ecologista de M\u00e9xico.&nbsp;<\/p>\n\n\n\n<p>Gilda Andrea ha puesto el nombre de Oaxaca en alto al ocupar el quinto lugar en paraciclismo en las categor\u00edas unidas C1 a C3 femenil en prueba de ruta de 10.4 kil\u00f3metros, y el octavo lugar en las categor\u00edas unidas C1 a C5 en prueba contra reloj de 10.4 kil\u00f3metros en los Juegos Parapanamericanos de Chile 2023.<\/p>\n\n\n\n<p>Andrea Hern\u00e1ndez Ram\u00edrez, no solo se ha consolidado como una deportista nacional, sino que ha tenido una importante participaci\u00f3n en juegos internacionales desde el a\u00f1o 2021 a la fecha.&nbsp;<\/p>\n\n\n\n<p>Tan solo en 2023, contendi\u00f3 en el UCI Para-Cycling Road World Cup, Huntsville &#8211; Alabama, Estados Unidos, donde obtuvo el quinto y octavo lugar en las categor\u00edas de ruta y contra reloj.<\/p>\n\n\n\n<p>Asimismo, el octavo y d\u00e9cimo lugar en el UCI World Championships, Dumfries and GalloweyGlasgow, Escocia, Reino Unido.<\/p>\n\n\n\n<p>En atletismo, obtuvo el primer lugar en categor\u00eda femenil en el medio marat\u00f3n, Huatulco Oaxaca 2017, as\u00ed como en la edici\u00f3n 36 de la carrera atl\u00e9tica IMSS-Monte Alb\u00e1n; y en la XV Paralimpiada Nacional, celebrada en Colima el 30 de agosto de 2018.<\/p>\n\n\n\n<figure class=\"wp-block-embed\"><div class=\"wp-block-embed__wrapper\">\nhttps:\/\/x.com\/ZonaRoja_Oaxaca\/status\/1737681315904766328?s=20\n<\/div><\/figure>\n","protected":false},"excerpt":{"rendered":"<p>Redacci\u00f3n\/Zona Roja. Oaxaca de Ju\u00e1rez, Oax., a 21 de diciembre de 2023.- Por la destacada&hellip;<\/p>\n","protected":false},"author":2,"featured_media":63420,"comment_status":"closed","ping_status":"open","sticky":false,"template":"","format":"standard","meta":{"_lmt_disableupdate":"","_lmt_disable":"","_jetpack_memberships_contains_paid_content":false,"footnotes":""},"categories":[109,46],"tags":[2743],"class_list":["post-63428","post","type-post","status-publish","format-standard","has-post-thumbnail","hentry","category-minuto-a-minuto","category-zona-blanca","tag-65-legislatura-del-estado-de-oaxaca"],"jetpack_featured_media_url":"https:\/\/zonaroja.com.mx\/wp-content\/uploads\/2023\/12\/Sergio-Lopez-Sanchez-reconocimiento-a-deportista.jpeg","jetpack_sharing_enabled":true,"_links":{"self":[{"href":"https:\/\/zonaroja.com.mx\/index.php?rest_route=\/wp\/v2\/posts\/63428","targetHints":{"allow":["GET"]}}],"collection":[{"href":"https:\/\/zonaroja.com.mx\/index.php?rest_route=\/wp\/v2\/posts"}],"about":[{"href":"https:\/\/zonaroja.com.mx\/index.php?rest_route=\/wp\/v2\/types\/post"}],"author":[{"embeddable":true,"href":"https:\/\/zonaroja.com.mx\/index.php?rest_route=\/wp\/v2\/users\/2"}],"replies":[{"embeddable":true,"href":"https:\/\/zonaroja.com.mx\/index.php?rest_route=%2Fwp%2Fv2%2Fcomments&post=63428"}],"version-history":[{"count":1,"href":"https:\/\/zonaroja.com.mx\/index.php?rest_route=\/wp\/v2\/posts\/63428\/revisions"}],"predecessor-version":[{"id":63429,"href":"https:\/\/zonaroja.com.mx\/index.php?rest_route=\/wp\/v2\/posts\/63428\/revisions\/63429"}],"wp:featuredmedia":[{"embeddable":true,"href":"https:\/\/zonaroja.com.mx\/index.php?rest_route=\/wp\/v2\/media\/63420"}],"wp:attachment":[{"href":"https:\/\/zonaroja.com.mx\/index.php?rest_route=%2Fwp%2Fv2%2Fmedia&parent=63428"}],"wp:term":[{"taxonomy":"category","embeddable":true,"href":"https:\/\/zonaroja.com.mx\/index.php?rest_route=%2Fwp%2Fv2%2Fcategories&post=63428"},{"taxonomy":"post_tag","embeddable":true,"href":"https:\/\/zonaroja.com.mx\/index.php?rest_route=%2Fwp%2Fv2%2Ftags&post=63428"}],"curies":[{"name":"wp","href":"https:\/\/api.w.org\/{rel}","templated":true}]}}