{"id":63440,"date":"2023-12-21T13:30:00","date_gmt":"2023-12-21T19:30:00","guid":{"rendered":"http:\/\/www.zonaroja.com.mx\/?p=63440"},"modified":"2023-12-21T07:41:18","modified_gmt":"2023-12-21T13:41:18","slug":"huyo-garcia-harfuch-del-pais-por-amenazas-del-crimen-organizado","status":"publish","type":"post","link":"https:\/\/zonaroja.com.mx\/?p=63440","title":{"rendered":"\u00bfHuy\u00f3 Garc\u00eda Harfuch del pa\u00eds por amenazas del crimen organizado?"},"content":{"rendered":"\n<p>Redacci\u00f3n\/Zona Roja Cdmx.<\/p>\n\n\n\n<p>Ciudad de M\u00e9xico, a 21 de diciembre de 2023.- \u00bfCu\u00e1ndo regresar\u00e1 Omar Garc\u00eda Harfuch a M\u00e9xico? El exsecretario de Seguridad Ciudadana confirm\u00f3 este mi\u00e9rcoles que est\u00e1 fuera de M\u00e9xico y explic\u00f3 las razones de su salida, adem\u00e1s de la fecha en que regresar\u00e1 para seguir trabajando rumbo a las elecciones de 2024.<\/p>\n\n\n\n<p>En entrevista para RadioF\u00f3rmula, Garc\u00eda Harfuch reconoci\u00f3 que siempre ha habido amenazas y alertamientos, pero ninguno de ellos de tal magnitud que lo haga huir del pa\u00eds por esta raz\u00f3n.<\/p>\n\n\n\n<p>\u201cQuiero dejar claro que no es mi perfil, que no es mi manera de ser, que por una amenaza yo me vaya o deje de hacer algo, nunca lo voy a hacer, por ninguna amenaza o ning\u00fan tipo de riesgo, porque es el trabajo que yo escog\u00ed y lo voy a hacer siempre con todo el gusto del mundo\u201d, aclar\u00f3.<\/p>\n\n\n\n<p>Lo anterior, luego de que el martes se dieran a conocer versiones sobre su supuesta hu\u00edda del pa\u00eds debido a que hab\u00eda recibido amenazas de muerte tras el atentado que sufri\u00f3 en 2020, cuando elementos del C\u00e1rtel Jalisco Nueva Generaci\u00f3n (CJNG) intentaron matarlo.<\/p>\n\n\n\n<p>Harfuch dijo que la decisi\u00f3n de tomar vacaciones, despu\u00e9s de 15 a\u00f1os de trabajo ininterrumpido, fue despu\u00e9s de participar en el proceso interno de Morena para buscar la jefatura de Gobierno de la Ciudad de M\u00e9xico.<\/p>\n\n\n\n<p>\u201cLa realidad es que cuando pas\u00f3 el proceso de la encuesta que fue un proceso duro, largo, tedioso, desde ese momento yo ya hab\u00eda hablado con la doctora Claudia Sheinbaum para comentarle y si no ten\u00eda inconveniente, salir unos d\u00edas\u201d, agreg\u00f3.<\/p>\n\n\n\n<p>El polic\u00eda adelant\u00f3 que regresar\u00e1 a M\u00e9xico en los primeros d\u00edas de enero, al terminar las fiestas de fin de a\u00f1o y as\u00ed reincorporarse a los equipos de trabajo tanto de Claudia Sheinbaum como de Clara Brugada.<\/p>\n\n\n\n<p>\u00bfQU\u00c9 SIGUE?<\/p>\n\n\n\n<p>Omar Garc\u00eda Harfuch explic\u00f3 que parte del trabajo con ambas precandidatas es realizar asesor\u00edas en materia de seguridad, por lo que se preparan proyectos sobre este tema.<\/p>\n\n\n\n<p>En cuanto a su camino rumbo al Senado, el exsecretario de Seguridad Ciudadana asegur\u00f3 que es una posici\u00f3n en la cual podr\u00e1 estar cerca de la ciudadan\u00eda y trabajar para enviar iniciativas relacionadas con el \u00e1rea de seguridad en beneficio de la poblaci\u00f3n.<\/p>\n\n\n\n<p>(Informaci\u00f3n de \u201cEl Financiero\u201d)<\/p>\n","protected":false},"excerpt":{"rendered":"<p>Redacci\u00f3n\/Zona Roja Cdmx. Ciudad de M\u00e9xico, a 21 de diciembre de 2023.- \u00bfCu\u00e1ndo regresar\u00e1 Omar&hellip;<\/p>\n","protected":false},"author":2,"featured_media":63441,"comment_status":"closed","ping_status":"open","sticky":false,"template":"","format":"standard","meta":{"_lmt_disableupdate":"","_lmt_disable":"","_jetpack_memberships_contains_paid_content":false,"footnotes":""},"categories":[109,47],"tags":[1791],"class_list":["post-63440","post","type-post","status-publish","format-standard","has-post-thumbnail","hentry","category-minuto-a-minuto","category-zona-gris","tag-omar-garcia-harfuch"],"jetpack_featured_media_url":"https:\/\/zonaroja.com.mx\/wp-content\/uploads\/2023\/12\/Omar-Garcia-Harfuch.jpeg","jetpack_sharing_enabled":true,"_links":{"self":[{"href":"https:\/\/zonaroja.com.mx\/index.php?rest_route=\/wp\/v2\/posts\/63440","targetHints":{"allow":["GET"]}}],"collection":[{"href":"https:\/\/zonaroja.com.mx\/index.php?rest_route=\/wp\/v2\/posts"}],"about":[{"href":"https:\/\/zonaroja.com.mx\/index.php?rest_route=\/wp\/v2\/types\/post"}],"author":[{"embeddable":true,"href":"https:\/\/zonaroja.com.mx\/index.php?rest_route=\/wp\/v2\/users\/2"}],"replies":[{"embeddable":true,"href":"https:\/\/zonaroja.com.mx\/index.php?rest_route=%2Fwp%2Fv2%2Fcomments&post=63440"}],"version-history":[{"count":1,"href":"https:\/\/zonaroja.com.mx\/index.php?rest_route=\/wp\/v2\/posts\/63440\/revisions"}],"predecessor-version":[{"id":63442,"href":"https:\/\/zonaroja.com.mx\/index.php?rest_route=\/wp\/v2\/posts\/63440\/revisions\/63442"}],"wp:featuredmedia":[{"embeddable":true,"href":"https:\/\/zonaroja.com.mx\/index.php?rest_route=\/wp\/v2\/media\/63441"}],"wp:attachment":[{"href":"https:\/\/zonaroja.com.mx\/index.php?rest_route=%2Fwp%2Fv2%2Fmedia&parent=63440"}],"wp:term":[{"taxonomy":"category","embeddable":true,"href":"https:\/\/zonaroja.com.mx\/index.php?rest_route=%2Fwp%2Fv2%2Fcategories&post=63440"},{"taxonomy":"post_tag","embeddable":true,"href":"https:\/\/zonaroja.com.mx\/index.php?rest_route=%2Fwp%2Fv2%2Ftags&post=63440"}],"curies":[{"name":"wp","href":"https:\/\/api.w.org\/{rel}","templated":true}]}}