{"id":63443,"date":"2023-12-21T14:30:00","date_gmt":"2023-12-21T20:30:00","guid":{"rendered":"http:\/\/www.zonaroja.com.mx\/?p=63443"},"modified":"2023-12-21T07:46:33","modified_gmt":"2023-12-21T13:46:33","slug":"misogina-patriarcal-y-retrograda-dejar-en-dos-anos-proxima-gubernatura","status":"publish","type":"post","link":"https:\/\/zonaroja.com.mx\/?p=63443","title":{"rendered":"Mis\u00f3gina, patriarcal y retr\u00f3grada, dejar en dos a\u00f1os pr\u00f3xima gubernatura"},"content":{"rendered":"\n<p>Redacci\u00f3n\/Zona Roja.<\/p>\n\n\n\n<p>Oaxaca de Ju\u00e1rez, Oax., a 21 de diciembre de 2023.- Recientemente, a&nbsp;iniciativa de Salom\u00f3n Jara Cruz, gobernador de Oaxaca, el&nbsp;Congreso local&nbsp;aprob\u00f3 una iniciativa&nbsp;para que la pr\u00f3xima persona que ocupe la gubernatura del estado&nbsp;lo haga \u00fanicamente por dos a\u00f1os, bajo el&nbsp;supuesto&nbsp;argumento de homologar las elecciones locales con las federales<\/p>\n\n\n\n<p>Sin embargo, \u201cdetr\u00e1s de este discurso tramposo, se esconde el patriarcado\u201d,&nbsp;denunciaron mujeres&nbsp;de diversas representaciones de la sociedad civil, al calificar&nbsp;como mis\u00f3gina, patriarcal y retr\u00f3grada la reforma constitucional aprobada recientemente contra los derechos pol\u00edticos de las mujeres.<\/p>\n\n\n\n<p>A trav\u00e9s de un comunicado, 14 colectivas y organizaciones, as\u00ed como 61 feministas y mujeres de diversas representaciones de la sociedad civil,&nbsp;quienes han generado, participado y acompa\u00f1ado desde hace mucho tiempo procesos de fortalecimiento de los derechos pol\u00edticos y humanos de las mujeres, condenaron la reciente aprobaci\u00f3n de esta&nbsp;reforma&nbsp;al&nbsp;art\u00edculo 25 de la Constituci\u00f3n de Oaxaca.&nbsp;<\/p>\n\n\n\n<p>De esta manera, la pr\u00f3xima gobernadora, estar\u00e1 solo dos a\u00f1os y&nbsp;no seis, raz\u00f3n por la cual, lamentaron&nbsp;en dicho documento,&nbsp;que dicha legislatura autonombrada \u201cde la paridad\u201d&nbsp;haya aprobado esta reforma&nbsp;\u201cretr\u00f3grada que atenta&nbsp;de manera vil y mis\u00f3gina contra los derechos pol\u00edticos de las mujeres\u201d.&nbsp;<\/p>\n\n\n\n<p>Y subrayaron: \u201cLo m\u00e1s lamentable es que hayan sido las diputadas las que aprobaron esta iniciativa, quienes llegaron a sus curules por la lucha de las mujeres, pues se reafirma que cuerpo de mujer no garantiza conciencia de g\u00e9nero&nbsp;ni defensa de nuestros derechos\u201d.&nbsp;<\/p>\n\n\n\n<p>Al asegurar que la paridad es un piso, no es un techo, las firmantes dijeron que esta&nbsp;no es la primera vez que el estado de Oaxaca&nbsp;frena&nbsp;su&nbsp;participaci\u00f3n pol\u00edtica y&nbsp;cumplimiento de la paridad de g\u00e9nero como requisito indispensable para ejercer&nbsp;sus derechos pol\u00edticos- electorales.&nbsp;<\/p>\n\n\n\n<p>Por lo que \u2013sostuvieron- la&nbsp;Igualdad sustantiva y paridad de g\u00e9nero deben garantizarse mediante la alternancia en las pr\u00f3ximas elecciones de junio del 2024.<\/p>\n\n\n\n<p>Arguyeron que desde que fue creado el estado de Oaxaca, por decreto del Congreso de&nbsp;la Uni\u00f3n el 3 de febrero de 1824, nunca ha sido gobernado por una mujer. Por ello, -argumentaron-&nbsp;esta decisi\u00f3n&nbsp;de&nbsp;que la pr\u00f3xima gobernadora &nbsp;sea&nbsp;de&nbsp;dos a\u00f1os,&nbsp;constituye violencia pol\u00edtica en raz\u00f3n de g\u00e9nero&nbsp;porque busca&nbsp;bloquear y limitar&nbsp;&nbsp;la participaci\u00f3n de mujeres en uno de los poderes p\u00fablicos m\u00e1s importantes en el estado.&nbsp;<\/p>\n\n\n\n<p>Lo anterior&nbsp;\u2013subrayaron- coloca nuevamente a Oaxaca&nbsp;en la mira, con los retrocesos en contra de los derechos pol\u00edticos de mujeres.<\/p>\n\n\n\n<p>Por&nbsp;todo esto, exigieron un alto a la &nbsp;violencia pol\u00edtica contra las mujeres en raz\u00f3n de g\u00e9nero, la derogaci\u00f3n de la reciente reforma al art\u00edculo&nbsp;25 de la Constituci\u00f3n de Oaxaca la&nbsp;y garant\u00eda del&nbsp;principio de paridad y alternancia de g\u00e9nero en las pr\u00f3ximas elecciones como medida permanente para lograr la inclusi\u00f3n de mujeres en los espacios de decisi\u00f3n p\u00fablica y pol\u00edtica.<\/p>\n\n\n\n<p>Asimismo, las colectivas, organizaciones y diversas mujeres exigieron un cese a la violencia&nbsp;feminicida&nbsp;y la omisi\u00f3n institucional de&nbsp;garantizar el derecho a la autodeterminaci\u00f3n de los pueblos ind\u00edgenas.&nbsp;<\/p>\n\n\n\n<p>Es importante destacar que de acuerdo con la Plataforma de Violencia&nbsp;Feminicida&nbsp;(PVF) de Consorcio Oaxaca, durante&nbsp;esta administraci\u00f3n, es decir, desde el 1 de diciembre de 2022 hasta el d\u00eda 30 de noviembre pasado, se han registrado un total de 725 casos de Violencia en Contra de las Mujeres (VCM).<\/p>\n\n\n\n<p>(Comunicado)<\/p>\n","protected":false},"excerpt":{"rendered":"<p>Redacci\u00f3n\/Zona Roja. Oaxaca de Ju\u00e1rez, Oax., a 21 de diciembre de 2023.- Recientemente, a&nbsp;iniciativa de&hellip;<\/p>\n","protected":false},"author":2,"featured_media":25534,"comment_status":"closed","ping_status":"open","sticky":false,"template":"","format":"standard","meta":{"_lmt_disableupdate":"","_lmt_disable":"","_jetpack_memberships_contains_paid_content":false,"footnotes":""},"categories":[109,47],"tags":[1093],"class_list":["post-63443","post","type-post","status-publish","format-standard","has-post-thumbnail","hentry","category-minuto-a-minuto","category-zona-gris","tag-consorcio-para-el-dialogo-oaxaca"],"jetpack_featured_media_url":"https:\/\/zonaroja.com.mx\/wp-content\/uploads\/2021\/04\/Violencia-politica.jpg","jetpack_sharing_enabled":true,"_links":{"self":[{"href":"https:\/\/zonaroja.com.mx\/index.php?rest_route=\/wp\/v2\/posts\/63443","targetHints":{"allow":["GET"]}}],"collection":[{"href":"https:\/\/zonaroja.com.mx\/index.php?rest_route=\/wp\/v2\/posts"}],"about":[{"href":"https:\/\/zonaroja.com.mx\/index.php?rest_route=\/wp\/v2\/types\/post"}],"author":[{"embeddable":true,"href":"https:\/\/zonaroja.com.mx\/index.php?rest_route=\/wp\/v2\/users\/2"}],"replies":[{"embeddable":true,"href":"https:\/\/zonaroja.com.mx\/index.php?rest_route=%2Fwp%2Fv2%2Fcomments&post=63443"}],"version-history":[{"count":1,"href":"https:\/\/zonaroja.com.mx\/index.php?rest_route=\/wp\/v2\/posts\/63443\/revisions"}],"predecessor-version":[{"id":63444,"href":"https:\/\/zonaroja.com.mx\/index.php?rest_route=\/wp\/v2\/posts\/63443\/revisions\/63444"}],"wp:featuredmedia":[{"embeddable":true,"href":"https:\/\/zonaroja.com.mx\/index.php?rest_route=\/wp\/v2\/media\/25534"}],"wp:attachment":[{"href":"https:\/\/zonaroja.com.mx\/index.php?rest_route=%2Fwp%2Fv2%2Fmedia&parent=63443"}],"wp:term":[{"taxonomy":"category","embeddable":true,"href":"https:\/\/zonaroja.com.mx\/index.php?rest_route=%2Fwp%2Fv2%2Fcategories&post=63443"},{"taxonomy":"post_tag","embeddable":true,"href":"https:\/\/zonaroja.com.mx\/index.php?rest_route=%2Fwp%2Fv2%2Ftags&post=63443"}],"curies":[{"name":"wp","href":"https:\/\/api.w.org\/{rel}","templated":true}]}}