{"id":6345,"date":"2019-12-04T14:40:27","date_gmt":"2019-12-04T20:40:27","guid":{"rendered":"https:\/\/www.zonaroja.com.mx\/?p=6345"},"modified":"2019-12-04T14:40:53","modified_gmt":"2019-12-04T20:40:53","slug":"asegura-gobierno-federal-que-brinda-apoyo-a-becario-oaxaqueno-lesionado","status":"publish","type":"post","link":"https:\/\/zonaroja.com.mx\/?p=6345","title":{"rendered":"Asegura gobierno federal que brinda apoyo a becario oaxaque\u00f1o lesionado"},"content":{"rendered":"\n<p>Redacci\u00f3n\/Zona Roja.<\/p>\n\n\n\n<p class=\"MsoNormal\">Ciudad de M\u00e9xico, 4 de diciembre de 2019.- El subsecretario de Empleo y Productividad Laboral de la Secretar\u00eda del Trabajo y Previsi\u00f3n Social, Horacio Duarte, inform\u00f3 que el becario del programa J\u00f3venes Construyendo el Futuro, Pedro Alberto Lezama Hern\u00e1ndez, fue trasladado al hospital de Alta Especialidad La Raza, del IMSS. <\/p>\n\n\n\n<p class=\"MsoNormal\">Seg\u00fan public\u00f3 hoy \u201cMilenio\u201d, en un v\u00eddeo difundido en sus redes sociales, el funcionario asegur\u00f3 que se tiene comunicaci\u00f3n directa y permanente con los familiares del joven qui\u00e9n result\u00f3 lesionado durante sus labores en dicho programa, esto, con la finalidad de garantizar lo necesario para su atenci\u00f3n. <\/p>\n\n\n\n<p class=\"MsoNormal\">Explico que el becario fue trasladado autorizaci\u00f3n de los padres para ser valorado. \u201cQueremos informar que nuestro becario Pedro Alberto Lezama Hern\u00e1ndez, quien se accident\u00f3 hace unos d\u00edas en Oaxaca, fue ingresado al Hospital de Especialidades de La Raza, del Instituto Mexicano del Seguro Social. Hablamos con la Direcci\u00f3n General de este instituto, con el director general Zo\u00e9 Robledo y hemos hecho ya el traslado para que sea atendido en este centro de especialidades\u201d, se\u00f1al\u00f3 Duarte en su cuenta de Twitter.<\/p>\n\n\n\n<p class=\"MsoNormal\">En el video, el subsecretario subray\u00f3 que \u201cdesde la Secretar\u00eda del Trabajo y desde la Coordinaci\u00f3n del Programa de J\u00f3venes Construyendo el Futuro vamos a seguir haciendo todo lo necesario m\u00e9dica y humanamente posible para atender al joven becario.&nbsp;<\/p>\n\n\n\n<p class=\"MsoNormal\">\u00abComo lo hemos dicho siempre, no vamos a dejar a la familia sola, tenemos una responsabilidad y sobre todo un sentido humano de atender a nuestro joven becario.&nbsp;<\/p>\n\n\n\n<p class=\"MsoNormal\">\u201cSe ha estado difundiendo que no se hab\u00eda autorizado el traslado, pero les informamos que ya ingres\u00f3 al Centro M\u00e9dico La Raza y est\u00e1 siendo atendido evidentemente por los mejores especialistas que tenemos en el IMSS que es de muy alta calidad\u201d, inform\u00f3 el Subsecretario Horacio Duarte.&nbsp;<\/p>\n\n\n\n<p class=\"MsoNormal\">En tanto, la Secretaria del Trabajo y Previsi\u00f3n Social indic\u00f3 que con base a los lineamientos del Programa J\u00f3venes Construyendo el Futuro, personal de esa dependencia realiza una investigaci\u00f3n en torno al cumplimiento por parte del Ayuntamiento del Municipio de Tuxtepec, Oaxaca, de los planes de capacitaci\u00f3n que registr\u00f3 en su calidad de tutor.<\/p>\n\n\n\n<p>(Con informaci\u00f3n de \u201cMilenio\u201d)<\/p>\n","protected":false},"excerpt":{"rendered":"<p>Redacci\u00f3n\/Zona Roja. Ciudad de M\u00e9xico, 4 de diciembre de 2019.- El subsecretario de Empleo y&hellip;<\/p>\n","protected":false},"author":2,"featured_media":6344,"comment_status":"closed","ping_status":"open","sticky":false,"template":"","format":"standard","meta":{"_lmt_disableupdate":"","_lmt_disable":"","_jetpack_memberships_contains_paid_content":false,"footnotes":""},"categories":[109,47],"tags":[1064,118],"class_list":["post-6345","post","type-post","status-publish","format-standard","has-post-thumbnail","hentry","category-minuto-a-minuto","category-zona-gris","tag-pedro-alberto-lezama-hernandez","tag-san-juan-bautista-tuxtepec"],"jetpack_featured_media_url":"https:\/\/zonaroja.com.mx\/wp-content\/uploads\/2019\/12\/img_5533-1.png","jetpack_sharing_enabled":true,"_links":{"self":[{"href":"https:\/\/zonaroja.com.mx\/index.php?rest_route=\/wp\/v2\/posts\/6345","targetHints":{"allow":["GET"]}}],"collection":[{"href":"https:\/\/zonaroja.com.mx\/index.php?rest_route=\/wp\/v2\/posts"}],"about":[{"href":"https:\/\/zonaroja.com.mx\/index.php?rest_route=\/wp\/v2\/types\/post"}],"author":[{"embeddable":true,"href":"https:\/\/zonaroja.com.mx\/index.php?rest_route=\/wp\/v2\/users\/2"}],"replies":[{"embeddable":true,"href":"https:\/\/zonaroja.com.mx\/index.php?rest_route=%2Fwp%2Fv2%2Fcomments&post=6345"}],"version-history":[{"count":1,"href":"https:\/\/zonaroja.com.mx\/index.php?rest_route=\/wp\/v2\/posts\/6345\/revisions"}],"predecessor-version":[{"id":6346,"href":"https:\/\/zonaroja.com.mx\/index.php?rest_route=\/wp\/v2\/posts\/6345\/revisions\/6346"}],"wp:featuredmedia":[{"embeddable":true,"href":"https:\/\/zonaroja.com.mx\/index.php?rest_route=\/wp\/v2\/media\/6344"}],"wp:attachment":[{"href":"https:\/\/zonaroja.com.mx\/index.php?rest_route=%2Fwp%2Fv2%2Fmedia&parent=6345"}],"wp:term":[{"taxonomy":"category","embeddable":true,"href":"https:\/\/zonaroja.com.mx\/index.php?rest_route=%2Fwp%2Fv2%2Fcategories&post=6345"},{"taxonomy":"post_tag","embeddable":true,"href":"https:\/\/zonaroja.com.mx\/index.php?rest_route=%2Fwp%2Fv2%2Ftags&post=6345"}],"curies":[{"name":"wp","href":"https:\/\/api.w.org\/{rel}","templated":true}]}}