{"id":63453,"date":"2023-12-21T18:14:00","date_gmt":"2023-12-22T00:14:00","guid":{"rendered":"http:\/\/www.zonaroja.com.mx\/?p=63453"},"modified":"2023-12-21T18:14:02","modified_gmt":"2023-12-22T00:14:02","slug":"pide-el-mult-intervencion-de-la-fgr-para-investigar-arsenal-del-ubisort","status":"publish","type":"post","link":"https:\/\/zonaroja.com.mx\/?p=63453","title":{"rendered":"Pide el MULT intervenci\u00f3n de la FGR para investigar arsenal del Ubisort"},"content":{"rendered":"\n<p>Yuridiana Sosa\/Zona Roja.<\/p>\n\n\n\n<p>Oaxaca de Ju\u00e1rez, Oax., a 21 de diciembre de 2023.- El Movimiento de Unificaci\u00f3n y Lucha Triqui (MULT) ratific\u00f3 su exigencia de justicia de forma inmediata por los asesinatos de sus compa\u00f1eros, por lo que emplaz\u00f3 a los gobiernos estatal y federal a ofrecer avances en las investigaciones de los hechos violentos o se movilizar\u00e1n.<\/p>\n\n\n\n<p>En conferencia de prensa, frente a Palacio de Gobierno en la capital oaxaque\u00f1a, el MULT indic\u00f3 que si antes del 5 de enero, cuando est\u00e1 prevista una reuni\u00f3n con autoridades de ambos gobiernos, no reciben informaci\u00f3n sobre la verdad de los asesinatos de sus compa\u00f1eros, se reservan su derecho a la protesta.<\/p>\n\n\n\n<p>A la Fiscal\u00eda General de la Rep\u00fablica exigi\u00f3 la atracci\u00f3n de los asesinatos de los militantes del MULT y sobre la localizaci\u00f3n de un arsenal en una camioneta en la zona triqui, de la regi\u00f3n Mixteca, presuntamente propiedad de la organizaci\u00f3n Unidad de Bienestar Social de la Regi\u00f3n Triqui (Ubisort), que encabeza Fabi\u00e1n Pereda Pereda.<\/p>\n\n\n\n<p>\u201cEl &nbsp;Fiscal de Oaxaca y el gobierno estatal tienen la oportunidad de esclarecer los asesinatos, los ataques y las emboscadas de nuestros compa\u00f1eros, &nbsp;de lo contrario estar\u00e1n demostrando que otorgan impunidad a los asesinos\u201d, se\u00f1al\u00f3 la dirigencia del MULT.<\/p>\n\n\n\n<p>Ante la localizaci\u00f3n del arsenal, se\u00f1alaron la presunta participaci\u00f3n del Ubisort en los ataques a sus comunidades y militantes, como el m\u00e1s reciente del pasado 18 de diciembre en la Tierra Blanca, Copala, en la que fue asesinado Humberto Cruz.<\/p>\n\n\n\n<p>Por ello, exigieron a Fabi\u00e1n Pereda Pereda, dirigente del Ubisort,&nbsp; presente de manera inmediata al agente de polic\u00eda municipal de la Cumbre Yerba Santa y a las autoridades de justicia, una investigaci\u00f3n contra dicho l\u00edder.<\/p>\n\n\n\n<p>El MULT se\u00f1al\u00f3 que los actos violentos recientes y la localizaci\u00f3n de la camioneta con el arsenal demuestran que el Estado no ha cumplido el acuerdo de brindar seguridad en la carretera federal que comunica a las cabeceras de Juxtlahuaca y Putla Villa de Guerrero, lugar de distintos hechos violentos.<\/p>\n","protected":false},"excerpt":{"rendered":"<p>Yuridiana Sosa\/Zona Roja. Oaxaca de Ju\u00e1rez, Oax., a 21 de diciembre de 2023.- El Movimiento&hellip;<\/p>\n","protected":false},"author":2,"featured_media":63454,"comment_status":"closed","ping_status":"open","sticky":false,"template":"","format":"standard","meta":{"_lmt_disableupdate":"","_lmt_disable":"","_jetpack_memberships_contains_paid_content":false,"footnotes":""},"categories":[109,47],"tags":[2411],"class_list":["post-63453","post","type-post","status-publish","format-standard","has-post-thumbnail","hentry","category-minuto-a-minuto","category-zona-gris","tag-movimiento-de-unificacion-y-lucha-triqui-independiente-multi"],"jetpack_featured_media_url":"https:\/\/zonaroja.com.mx\/wp-content\/uploads\/2023\/12\/Conferencia-MULT.jpg","jetpack_sharing_enabled":true,"_links":{"self":[{"href":"https:\/\/zonaroja.com.mx\/index.php?rest_route=\/wp\/v2\/posts\/63453","targetHints":{"allow":["GET"]}}],"collection":[{"href":"https:\/\/zonaroja.com.mx\/index.php?rest_route=\/wp\/v2\/posts"}],"about":[{"href":"https:\/\/zonaroja.com.mx\/index.php?rest_route=\/wp\/v2\/types\/post"}],"author":[{"embeddable":true,"href":"https:\/\/zonaroja.com.mx\/index.php?rest_route=\/wp\/v2\/users\/2"}],"replies":[{"embeddable":true,"href":"https:\/\/zonaroja.com.mx\/index.php?rest_route=%2Fwp%2Fv2%2Fcomments&post=63453"}],"version-history":[{"count":1,"href":"https:\/\/zonaroja.com.mx\/index.php?rest_route=\/wp\/v2\/posts\/63453\/revisions"}],"predecessor-version":[{"id":63455,"href":"https:\/\/zonaroja.com.mx\/index.php?rest_route=\/wp\/v2\/posts\/63453\/revisions\/63455"}],"wp:featuredmedia":[{"embeddable":true,"href":"https:\/\/zonaroja.com.mx\/index.php?rest_route=\/wp\/v2\/media\/63454"}],"wp:attachment":[{"href":"https:\/\/zonaroja.com.mx\/index.php?rest_route=%2Fwp%2Fv2%2Fmedia&parent=63453"}],"wp:term":[{"taxonomy":"category","embeddable":true,"href":"https:\/\/zonaroja.com.mx\/index.php?rest_route=%2Fwp%2Fv2%2Fcategories&post=63453"},{"taxonomy":"post_tag","embeddable":true,"href":"https:\/\/zonaroja.com.mx\/index.php?rest_route=%2Fwp%2Fv2%2Ftags&post=63453"}],"curies":[{"name":"wp","href":"https:\/\/api.w.org\/{rel}","templated":true}]}}