{"id":63456,"date":"2023-12-21T20:26:58","date_gmt":"2023-12-22T02:26:58","guid":{"rendered":"http:\/\/www.zonaroja.com.mx\/?p=63456"},"modified":"2023-12-21T20:27:00","modified_gmt":"2023-12-22T02:27:00","slug":"la-onu-lamenta-el-fallecimiento-de-la-escritora-cristina-pacheco","status":"publish","type":"post","link":"https:\/\/zonaroja.com.mx\/?p=63456","title":{"rendered":"La ONU lamenta el fallecimiento de la escritora Cristina Pacheco"},"content":{"rendered":"\n<p>Redacci\u00f3n\/Zona Roja Cdmx.<\/p>\n\n\n\n<p>Ciudad de M\u00e9xico, a 21 de diciembre de 2023.- La periodista, escritora y conductora de radio y televisi\u00f3n Cristina Romo Hern\u00e1ndez, m\u00e1s conocida como Cristina Pacheco, falleci\u00f3 este jueves a los 82 a\u00f1os.<\/p>\n\n\n\n<p>La Organizaci\u00f3n de Naciones Unidas (ONU) en M\u00e9xico lament\u00f3 el fallecimiento de la mexicana y destac\u00f3 que \u201csu gran legado\u201d a trav\u00e9s de su serie de televisi\u00f3n \u00abAqu\u00ed nos toc\u00f3 vivir\u00bb es \u201cinvaluable\u201d para el patrimonio documental de M\u00e9xico y ha sido reconocido por la Unesco.<\/p>\n\n\n\n<p>Cristina Pacheco falleci\u00f3 a los 82 a\u00f1os de edad; fue un icono de la televisi\u00f3n p\u00fablica mexicana y cronista que dio voz a las personas de barrios de M\u00e9xico.<\/p>\n\n\n\n<p>As\u00ed lo inform\u00f3 su hija Laura Emilia Pacheco en su perfil de Facebook: \u201cCon hondo dolor, mi hermana Cecilia y yo participamos el fallecimiento de nuestra adorada madre Cristina Pacheco\u201d.<\/p>\n\n\n\n<p>Considerada una de las figuras claves para comprender parte de la cultura mexicana del m\u00e1s reciente siglo, la tambi\u00e9n editora y colaboradora de \u201cLa Jornada\u201d, donde public\u00f3 durante m\u00e1s de 30 a\u00f1os su columna \u201cMar de Historias\u201d, naci\u00f3 el 13 de septiembre de 1941 en San Felipe Torres Mochas, Guanajuato, y fue esposa del reconocido escritor Jos\u00e9 Emilio Pacheco.<\/p>\n\n\n\n<p>Si alg\u00fan rasgo la caracteriz\u00f3 fue el dar voz y recoger mediante la entrevista los testimonios de la gente, sus preocupaciones, costumbres, infatigables luchas y su eterna esperanza.<\/p>\n\n\n\n<p>Hace un par de semanas, la propia comunicadora anunci\u00f3 su retiro de la vida p\u00fablica debido a problemas de salud.&nbsp;<\/p>\n\n\n\n<p>En su cuenta de Twitter, Canal Once tambi\u00e9n particip\u00f3 del deceso: \u00abCon profunda tristeza informamos la partida de nuestra querida Cristina Pacheco. Una eminencia en el periodismo y gran persona. Todos los colaboradores del Once nos unimos a esta triste p\u00e9rdida. Ha dejado en nuestra televisora un legado inolvidable. Gracias, por cada ense\u00f1anza\u00bb.&nbsp;<\/p>\n\n\n\n<p>(Informaci\u00f3n de \u201cLa Jornada\u201d)<\/p>\n","protected":false},"excerpt":{"rendered":"<p>Redacci\u00f3n\/Zona Roja Cdmx. Ciudad de M\u00e9xico, a 21 de diciembre de 2023.- La periodista, escritora&hellip;<\/p>\n","protected":false},"author":2,"featured_media":63457,"comment_status":"closed","ping_status":"open","sticky":false,"template":"","format":"standard","meta":{"_lmt_disableupdate":"","_lmt_disable":"","_jetpack_memberships_contains_paid_content":false,"footnotes":""},"categories":[109,46],"tags":[3787],"class_list":["post-63456","post","type-post","status-publish","format-standard","has-post-thumbnail","hentry","category-minuto-a-minuto","category-zona-blanca","tag-crstina-pacheco"],"jetpack_featured_media_url":"https:\/\/zonaroja.com.mx\/wp-content\/uploads\/2023\/12\/Cristina-Pacheco.jpg","jetpack_sharing_enabled":true,"_links":{"self":[{"href":"https:\/\/zonaroja.com.mx\/index.php?rest_route=\/wp\/v2\/posts\/63456","targetHints":{"allow":["GET"]}}],"collection":[{"href":"https:\/\/zonaroja.com.mx\/index.php?rest_route=\/wp\/v2\/posts"}],"about":[{"href":"https:\/\/zonaroja.com.mx\/index.php?rest_route=\/wp\/v2\/types\/post"}],"author":[{"embeddable":true,"href":"https:\/\/zonaroja.com.mx\/index.php?rest_route=\/wp\/v2\/users\/2"}],"replies":[{"embeddable":true,"href":"https:\/\/zonaroja.com.mx\/index.php?rest_route=%2Fwp%2Fv2%2Fcomments&post=63456"}],"version-history":[{"count":1,"href":"https:\/\/zonaroja.com.mx\/index.php?rest_route=\/wp\/v2\/posts\/63456\/revisions"}],"predecessor-version":[{"id":63458,"href":"https:\/\/zonaroja.com.mx\/index.php?rest_route=\/wp\/v2\/posts\/63456\/revisions\/63458"}],"wp:featuredmedia":[{"embeddable":true,"href":"https:\/\/zonaroja.com.mx\/index.php?rest_route=\/wp\/v2\/media\/63457"}],"wp:attachment":[{"href":"https:\/\/zonaroja.com.mx\/index.php?rest_route=%2Fwp%2Fv2%2Fmedia&parent=63456"}],"wp:term":[{"taxonomy":"category","embeddable":true,"href":"https:\/\/zonaroja.com.mx\/index.php?rest_route=%2Fwp%2Fv2%2Fcategories&post=63456"},{"taxonomy":"post_tag","embeddable":true,"href":"https:\/\/zonaroja.com.mx\/index.php?rest_route=%2Fwp%2Fv2%2Ftags&post=63456"}],"curies":[{"name":"wp","href":"https:\/\/api.w.org\/{rel}","templated":true}]}}