{"id":63462,"date":"2023-12-22T08:15:00","date_gmt":"2023-12-22T14:15:00","guid":{"rendered":"http:\/\/www.zonaroja.com.mx\/?p=63462"},"modified":"2023-12-22T07:20:29","modified_gmt":"2023-12-22T13:20:29","slug":"detiene-fiscalia-a-segundo-criminal-de-joven-deportista-en-oaxaca","status":"publish","type":"post","link":"https:\/\/zonaroja.com.mx\/?p=63462","title":{"rendered":"Detiene Fiscal\u00eda a segundo criminal de joven deportista en Oaxaca"},"content":{"rendered":"\n<p>Redacci\u00f3n\/Zona Roja.<\/p>\n\n\n\n<p>Oaxaca de Ju\u00e1rez, Oax., a 22 de diciembre de 2023.- En conjunto con la Coordinaci\u00f3n Nacional Antisecuestro (Conase) del gobierno federal, la Fiscal\u00eda General del estado de Oaxaca detuvo a Sergio R. R., acusado de participar en el asesinato del joven deportista Alexander M. G., en el municipio de Acatl\u00e1n de P\u00e9rez Figueroa.<\/p>\n\n\n\n<p>En un comunicado, la instituci\u00f3n de procuraci\u00f3n de justicia que preside Bernardo Rodr\u00edguez Alamilla, dio a conocer que el probable homicida se hab\u00eda sustra\u00eddo de la acci\u00f3n de la justicia, luego de recibir sentencia por su responsabilidad en el caso del asesinato contra el adolescente.<\/p>\n\n\n\n<p>Detall\u00f3 que en un operativo coordinado por la Conase, a trav\u00e9s de elementos comisionados de la Guardia Nacional, en coordinaci\u00f3n con la Agencia Estatal de Investigaciones (AEI) de la FGEO se dio cumplimiento al mandato de captura por Sustracci\u00f3n de la Acci\u00f3n de la Justicia, otorgado por los Jueces que integran el Tribunal de Enjuiciamiento de la Cuenca.<\/p>\n\n\n\n<p>Indico que luego de que el sentenciado qued\u00f3 a disposici\u00f3n del Ministerio P\u00fablico de la Vicefiscal\u00eda Regional de la Cuenca, Sergio R. R. fue puesto en prisi\u00f3n a la espera de la audiencia de individualizaci\u00f3n de sentencia pendiente en su contra.<\/p>\n\n\n\n<p>El caso por el cual hay un proceso penal en curso en contra Sergio R. R., es por el delito de Homicidio Calificado cometido en agravio de Alexander M. G., adolescente de 16 a\u00f1os, que perdi\u00f3 la vida el 9 de junio de 2020, cuando elementos de la polic\u00eda municipal de Acatl\u00e1n de P\u00e9rez Figueroa dispararon en su contra.<\/p>\n\n\n\n<p>Tras realizar los trabajos de inteligencia necesarios para agotar los recursos legales con el objetivo que las v\u00edctimas directas e indirectas tengan pleno acceso a la justicia, la Fiscal\u00eda de Oaxaca logr\u00f3 que uno de los responsables vuelva a prisi\u00f3n para cumplir la sentencia condenatoria pendiente en su contra.<\/p>\n","protected":false},"excerpt":{"rendered":"<p>Redacci\u00f3n\/Zona Roja. Oaxaca de Ju\u00e1rez, Oax., a 22 de diciembre de 2023.- En conjunto con&hellip;<\/p>\n","protected":false},"author":2,"featured_media":63463,"comment_status":"closed","ping_status":"open","sticky":false,"template":"","format":"standard","meta":{"_lmt_disableupdate":"","_lmt_disable":"","_jetpack_memberships_contains_paid_content":false,"footnotes":""},"categories":[109,46],"tags":[2586,494],"class_list":["post-63462","post","type-post","status-publish","format-standard","has-post-thumbnail","hentry","category-minuto-a-minuto","category-zona-blanca","tag-alexander-martinez-gomez","tag-fiscalia-general-del-estado-de-oaxaca"],"jetpack_featured_media_url":"https:\/\/zonaroja.com.mx\/wp-content\/uploads\/2023\/12\/Detenido-policia-Acatlan-caso-Alexander.png","jetpack_sharing_enabled":true,"_links":{"self":[{"href":"https:\/\/zonaroja.com.mx\/index.php?rest_route=\/wp\/v2\/posts\/63462","targetHints":{"allow":["GET"]}}],"collection":[{"href":"https:\/\/zonaroja.com.mx\/index.php?rest_route=\/wp\/v2\/posts"}],"about":[{"href":"https:\/\/zonaroja.com.mx\/index.php?rest_route=\/wp\/v2\/types\/post"}],"author":[{"embeddable":true,"href":"https:\/\/zonaroja.com.mx\/index.php?rest_route=\/wp\/v2\/users\/2"}],"replies":[{"embeddable":true,"href":"https:\/\/zonaroja.com.mx\/index.php?rest_route=%2Fwp%2Fv2%2Fcomments&post=63462"}],"version-history":[{"count":1,"href":"https:\/\/zonaroja.com.mx\/index.php?rest_route=\/wp\/v2\/posts\/63462\/revisions"}],"predecessor-version":[{"id":63464,"href":"https:\/\/zonaroja.com.mx\/index.php?rest_route=\/wp\/v2\/posts\/63462\/revisions\/63464"}],"wp:featuredmedia":[{"embeddable":true,"href":"https:\/\/zonaroja.com.mx\/index.php?rest_route=\/wp\/v2\/media\/63463"}],"wp:attachment":[{"href":"https:\/\/zonaroja.com.mx\/index.php?rest_route=%2Fwp%2Fv2%2Fmedia&parent=63462"}],"wp:term":[{"taxonomy":"category","embeddable":true,"href":"https:\/\/zonaroja.com.mx\/index.php?rest_route=%2Fwp%2Fv2%2Fcategories&post=63462"},{"taxonomy":"post_tag","embeddable":true,"href":"https:\/\/zonaroja.com.mx\/index.php?rest_route=%2Fwp%2Fv2%2Ftags&post=63462"}],"curies":[{"name":"wp","href":"https:\/\/api.w.org\/{rel}","templated":true}]}}