{"id":63465,"date":"2023-12-22T09:20:00","date_gmt":"2023-12-22T15:20:00","guid":{"rendered":"http:\/\/www.zonaroja.com.mx\/?p=63465"},"modified":"2023-12-22T07:32:24","modified_gmt":"2023-12-22T13:32:24","slug":"registra-republica-checa-el-peor-ataque-armado-15-muertos-y-24-heridos","status":"publish","type":"post","link":"https:\/\/zonaroja.com.mx\/?p=63465","title":{"rendered":"Registra Rep\u00fablica Checa el peor ataque armado: 15 muertos y 24 heridos"},"content":{"rendered":"\n<p>Redacci\u00f3n\/Zona Roja Cdmx.<\/p>\n\n\n\n<p>Ciudad de M\u00e9xico, a 22 de diciembre de 2023.- El ataque registrado este jueves en la Universidad Carolina de Praga, que ha causado al menos 15 muertos y 24 heridos, es la peor matanza registrada en la Rep\u00fablica Checa en los \u00faltimos a\u00f1os y tambi\u00e9n la peor de este tipo sufrida en centros educativos en el mundo en lo que va de 2023.<\/p>\n\n\n\n<p>Hasta hoy, la peor matanza en la Rep\u00fablica Checa de los \u00faltimos a\u00f1os era la que se produjo el 24 de febrero de 2015, cuando ocho personas murieron en un tiroteo perpetrado por un hombre armado que termin\u00f3 suicid\u00e1ndose, en un restaurante de la localidad de Uhersky Brod, en el este del pa\u00eds.<\/p>\n\n\n\n<p>Entre los ataques que se han producido en el mundo en lo que va de a\u00f1o contra centros educativos, el segundo m\u00e1s grave tras el de hoy en Praga fue el perpetrado el pasado 3 de mayo en una escuela de Belgrado (Serbia), donde un alumno de 14 a\u00f1os dispar\u00f3 contra sus compa\u00f1eros y contra el personal docente y de seguridad y caus\u00f3 nueve muertos y varios heridos.<\/p>\n\n\n\n<p>El 27 de marzo, una mujer dispar\u00f3 dentro de una escuela de Nashville (Tennessee, EE.UU.) y acab\u00f3 con la vida de tres ni\u00f1os y tres adultos, antes de caer muerta por las balas de la polic\u00eda.<\/p>\n\n\n\n<p>EN EUROPA<\/p>\n\n\n\n<p>En Europa, el tiroteo con m\u00e1s v\u00edctimas mortales en un centro de ense\u00f1anza tuvo lugar el 17 octubre de 2018 en un instituto de la ciudad de Kerch, en Crimea (anexionada por Rusia), y en \u00e9l murieron 20 personas y resultaron heridas otras 50 por los disparos de un alumno contra estudiantes y profesores. El agresor se quit\u00f3 la vida.<\/p>\n\n\n\n<p>La siguiente peor tragedia en un centro educativo europeo, por n\u00famero de v\u00edctimas, se produjo el 22 de septiembre de 2022 cuando diecisiete personas murieron y otras 24 resultaron heridas por el ataque de un exalumno a una escuela de la rep\u00fablica rusa de Udmurtia, en los Urales.<\/p>\n\n\n\n<p>El 13 de marzo de 1996, un hombre asesin\u00f3 a tiros a diecis\u00e9is ni\u00f1os y a una maestra en un colegio de la localidad escocesa de Dunblane (Reino Unido) y despu\u00e9s se suicid\u00f3.<\/p>\n\n\n\n<p>El 26 de abril de 2002, un joven mat\u00f3 a diecis\u00e9is personas y despu\u00e9s se suicid\u00f3 en venganza por su expulsi\u00f3n en un instituto de Erfurt (Alemania). Entre los asesinados se hallaban la subdirectora del centro, doce profesores, una secretaria y dos alumnos.<\/p>\n\n\n\n<p>Otras quince personas murieron el 11 de marzo de 2009 en Alemania por el ataque de un joven de 17 a\u00f1os en tratamiento psiqui\u00e1trico. Entre las v\u00edctimas, nueve alumnos y tres profesoras de una escuela de la localidad de Winnenden.<\/p>\n\n\n\n<p>EN EL MUNDO<\/p>\n\n\n\n<p>Entre los ataques m\u00e1s graves contra centros de ense\u00f1anza en el mundo, al margen de conflictos armados o actos terroristas, destaca el perpetrado el 6 de octubre de 2022 por un expolic\u00eda en una guarder\u00eda de la localidad tailandesa de Uthai Sawan, en el noreste de Tailandia, en el que murieron 34 personas, entre ellas 22 ni\u00f1os.<\/p>\n\n\n\n<p>El 16 de abril de 2007, en la Universidad T\u00e9cnica de Virginia, en la localidad estadounidense de Blacksburg, un estudiante surcoreano mat\u00f3 a 32 personas antes de suicidarse.<\/p>\n\n\n\n<p>Tambi\u00e9n ocurri\u00f3 en Estados Unidos el siguiente ataque m\u00e1s sangriento: el 14 de diciembre de 2012, un joven de 20 a\u00f1os mat\u00f3 a su madre en Newtown (Connecticut) y luego asesin\u00f3 a 20 ni\u00f1os y seis adultos en el colegio de primaria Sandy Hook, antes de suicidarse.<\/p>\n\n\n\n<p>(Con informaci\u00f3n de EFE, en L\u00f3pez-D\u00f3riga Digital)<\/p>\n","protected":false},"excerpt":{"rendered":"<p>Redacci\u00f3n\/Zona Roja Cdmx. Ciudad de M\u00e9xico, a 22 de diciembre de 2023.- El ataque registrado&hellip;<\/p>\n","protected":false},"author":2,"featured_media":63466,"comment_status":"closed","ping_status":"open","sticky":false,"template":"","format":"standard","meta":{"_lmt_disableupdate":"","_lmt_disable":"","_jetpack_memberships_contains_paid_content":false,"footnotes":""},"categories":[109,51],"tags":[3788],"class_list":["post-63465","post","type-post","status-publish","format-standard","has-post-thumbnail","hentry","category-minuto-a-minuto","category-zona-roja","tag-praga-republica-checa"],"jetpack_featured_media_url":"https:\/\/zonaroja.com.mx\/wp-content\/uploads\/2023\/12\/joven-david-kozak-fue-autor-tiroteo-que-produjo-este-jueves-tarde-centro-praga_98.jpg.webp","jetpack_sharing_enabled":true,"_links":{"self":[{"href":"https:\/\/zonaroja.com.mx\/index.php?rest_route=\/wp\/v2\/posts\/63465","targetHints":{"allow":["GET"]}}],"collection":[{"href":"https:\/\/zonaroja.com.mx\/index.php?rest_route=\/wp\/v2\/posts"}],"about":[{"href":"https:\/\/zonaroja.com.mx\/index.php?rest_route=\/wp\/v2\/types\/post"}],"author":[{"embeddable":true,"href":"https:\/\/zonaroja.com.mx\/index.php?rest_route=\/wp\/v2\/users\/2"}],"replies":[{"embeddable":true,"href":"https:\/\/zonaroja.com.mx\/index.php?rest_route=%2Fwp%2Fv2%2Fcomments&post=63465"}],"version-history":[{"count":1,"href":"https:\/\/zonaroja.com.mx\/index.php?rest_route=\/wp\/v2\/posts\/63465\/revisions"}],"predecessor-version":[{"id":63467,"href":"https:\/\/zonaroja.com.mx\/index.php?rest_route=\/wp\/v2\/posts\/63465\/revisions\/63467"}],"wp:featuredmedia":[{"embeddable":true,"href":"https:\/\/zonaroja.com.mx\/index.php?rest_route=\/wp\/v2\/media\/63466"}],"wp:attachment":[{"href":"https:\/\/zonaroja.com.mx\/index.php?rest_route=%2Fwp%2Fv2%2Fmedia&parent=63465"}],"wp:term":[{"taxonomy":"category","embeddable":true,"href":"https:\/\/zonaroja.com.mx\/index.php?rest_route=%2Fwp%2Fv2%2Fcategories&post=63465"},{"taxonomy":"post_tag","embeddable":true,"href":"https:\/\/zonaroja.com.mx\/index.php?rest_route=%2Fwp%2Fv2%2Ftags&post=63465"}],"curies":[{"name":"wp","href":"https:\/\/api.w.org\/{rel}","templated":true}]}}