{"id":63468,"date":"2023-12-22T10:30:00","date_gmt":"2023-12-22T16:30:00","guid":{"rendered":"http:\/\/www.zonaroja.com.mx\/?p=63468"},"modified":"2023-12-22T08:01:29","modified_gmt":"2023-12-22T14:01:29","slug":"senalan-a-tres-municipios-de-oaxaca-como-focos-rojos-por-elecciones","status":"publish","type":"post","link":"https:\/\/zonaroja.com.mx\/?p=63468","title":{"rendered":"Se\u00f1alan a tres municipios de Oaxaca como \u201cfocos rojos\u201d por elecciones"},"content":{"rendered":"\n<p>Yuridiana Sosa\/Zona Roja.<\/p>\n\n\n\n<p>Oaxaca de Ju\u00e1rez, Oax., a 21 de diciembre de 2023.- Debido a los antecedentes con hechos violentos y de protesta entre sus habitantes, los municipios de San Juan Mazatl\u00e1n Mixe, Santiago Atitl\u00e1n y San Juan Cotzoc\u00f3n Mixe, fueron calificados como \u201cfocos rojos\u201d para el proceso de elecci\u00f3n bajo el m\u00e9todo de Sistemas Normativos Ind\u00edgenas.<\/p>\n\n\n\n<p>As\u00ed lo se\u00f1al\u00f3 el titular de la Secretar\u00eda de Gobierno de Oaxaca, Jes\u00fas Romero L\u00f3pez, durante la conferencia del Gabinete de Seguridad de este jueves, en la que reafirm\u00f3 que San Juan Cotzoc\u00f3n es el municipio m\u00e1s alarmante para las autoridades estatales.<\/p>\n\n\n\n<p>El funcionario dijo que el \u201cfoco rojo\u201d en Cotzoc\u00f3n se mantiene pese a que se lograron acuerdos para la reapertura de dos caminos bloqueados por medio de zanjas.<\/p>\n\n\n\n<p>De acuerdo con el gobierno estatal, \u201clos pobladores tomaron esas acciones &nbsp;como medida de protesta por parte de las autoridades auxiliares del Bajo Mixe perteneciente al municipio de San Juan Cotzoc\u00f3n, para exigir que al edil que emita la convocatoria para la integraci\u00f3n del Consejo Municipal Electoral, y de esta manera elegir a sus concejales quienes asumir\u00e1n funciones para el ejercicio 2024\u201d.<\/p>\n\n\n\n<p>Sin dar m\u00e1s detalles, el secretario indic\u00f3 que el gobierno tambi\u00e9n se mantiene pendiente ante la novedosa figura de autoridades comunitarias o presidentes comunitarios en dos de los municipios mencionados.<\/p>\n\n\n\n<p>Dicha figura, dijo, ha sido reconocida por algunas instituciones y que tienen una dualidad en el ejercicio de gobierno con las autoridades constitucionales o administrativamente reconocidas por la Constituci\u00f3n y por la ley municipal.<\/p>\n\n\n\n<p>No obstante, en los tres municipios, dijo, mantienen el &nbsp;monitoreo por medio de las mesas operativas de las &nbsp;resoluciones que tomen los pobladores o en su caso los tribunales electorales y tras ello definir el rumbo de sus elecciones que siguen hasta ahora pendientes.<\/p>\n\n\n\n<p>LOS AVANCES<\/p>\n\n\n\n<p>El secretario de Gobierno inform\u00f3 que al 20 de diciembre se hab\u00edan realizado 52 asambleas electivas bajo Sistemas Normativos Ind\u00edgenas.<\/p>\n\n\n\n<p>Del total, 39 asambleas ya fueron jur\u00eddicamente validadas por el Instituto Estatal Electoral y de Participaci\u00f3n Ciudadana de Oaxaca y 13 siguen sin calificar.<\/p>\n\n\n\n<p>Por otra parte, detall\u00f3 que el trabajo coordinado entre la Secretar\u00eda de Gobierno y la Junta de Conciliaci\u00f3n Agraria logr\u00f3 que los municipios de Santa Cruz Zenzontepec y Santiago Amoltepec solucionaran el conflicto social y agrario que vivieron por m\u00e1s de 70 a\u00f1os.<\/p>\n\n\n\n<p>Romero L\u00f3pez se\u00f1al\u00f3 que este caso en particular se concret\u00f3 despu\u00e9s de diversas mesas de di\u00e1logo, acciones de informaci\u00f3n y sensibilizaci\u00f3n, para que las comunidades aceptaran las \u00abmojoneras de paz\u00bb, acordando los trabajos de ubicaci\u00f3n, brecheo, amojonamiento y cercado de la l\u00ednea de colindancia, cuyo pol\u00edgono consta de 9.05 kil\u00f3metros.<\/p>\n\n\n\n<p>Manifest\u00f3 que, con esta acci\u00f3n, se logr\u00f3 dar soluci\u00f3n definitiva a la problem\u00e1tica social y agraria en la zona, en beneficio de m\u00e1s de 7 mil familias y 15 mil habitantes de estas comunidades de la Sierra Sur.<\/p>\n\n\n\n<p>\u00abEsta es la soluci\u00f3n a un conflicto de m\u00e1s de 70 a\u00f1os entre ambas comunidades, que lamentablemente hab\u00eda dejado a m\u00e1s de 50 v\u00edctimas, entre ellas viudas, hu\u00e9rfanos y personas desplazadas\u00bb, subray\u00f3.<\/p>\n","protected":false},"excerpt":{"rendered":"<p>Yuridiana Sosa\/Zona Roja. Oaxaca de Ju\u00e1rez, Oax., a 21 de diciembre de 2023.- Debido a&hellip;<\/p>\n","protected":false},"author":2,"featured_media":51630,"comment_status":"closed","ping_status":"open","sticky":false,"template":"","format":"standard","meta":{"_lmt_disableupdate":"","_lmt_disable":"","_jetpack_memberships_contains_paid_content":false,"footnotes":""},"categories":[109,46],"tags":[3423],"class_list":["post-63468","post","type-post","status-publish","format-standard","has-post-thumbnail","hentry","category-minuto-a-minuto","category-zona-blanca","tag-secretaria-de-gobierno-sego"],"jetpack_featured_media_url":"https:\/\/zonaroja.com.mx\/wp-content\/uploads\/2023\/02\/Baston-de-mando-gobierno-municipal-Oaxaca.jpg","jetpack_sharing_enabled":true,"_links":{"self":[{"href":"https:\/\/zonaroja.com.mx\/index.php?rest_route=\/wp\/v2\/posts\/63468","targetHints":{"allow":["GET"]}}],"collection":[{"href":"https:\/\/zonaroja.com.mx\/index.php?rest_route=\/wp\/v2\/posts"}],"about":[{"href":"https:\/\/zonaroja.com.mx\/index.php?rest_route=\/wp\/v2\/types\/post"}],"author":[{"embeddable":true,"href":"https:\/\/zonaroja.com.mx\/index.php?rest_route=\/wp\/v2\/users\/2"}],"replies":[{"embeddable":true,"href":"https:\/\/zonaroja.com.mx\/index.php?rest_route=%2Fwp%2Fv2%2Fcomments&post=63468"}],"version-history":[{"count":1,"href":"https:\/\/zonaroja.com.mx\/index.php?rest_route=\/wp\/v2\/posts\/63468\/revisions"}],"predecessor-version":[{"id":63469,"href":"https:\/\/zonaroja.com.mx\/index.php?rest_route=\/wp\/v2\/posts\/63468\/revisions\/63469"}],"wp:featuredmedia":[{"embeddable":true,"href":"https:\/\/zonaroja.com.mx\/index.php?rest_route=\/wp\/v2\/media\/51630"}],"wp:attachment":[{"href":"https:\/\/zonaroja.com.mx\/index.php?rest_route=%2Fwp%2Fv2%2Fmedia&parent=63468"}],"wp:term":[{"taxonomy":"category","embeddable":true,"href":"https:\/\/zonaroja.com.mx\/index.php?rest_route=%2Fwp%2Fv2%2Fcategories&post=63468"},{"taxonomy":"post_tag","embeddable":true,"href":"https:\/\/zonaroja.com.mx\/index.php?rest_route=%2Fwp%2Fv2%2Ftags&post=63468"}],"curies":[{"name":"wp","href":"https:\/\/api.w.org\/{rel}","templated":true}]}}