{"id":63470,"date":"2023-12-22T12:30:00","date_gmt":"2023-12-22T18:30:00","guid":{"rendered":"http:\/\/www.zonaroja.com.mx\/?p=63470"},"modified":"2023-12-22T08:06:43","modified_gmt":"2023-12-22T14:06:43","slug":"enviara-eu-mision-de-alto-nivel-a-mexico-para-tratar-tema-migratorio","status":"publish","type":"post","link":"https:\/\/zonaroja.com.mx\/?p=63470","title":{"rendered":"Enviar\u00e1 EU misi\u00f3n de alto nivel a M\u00e9xico, para tratar tema migratorio"},"content":{"rendered":"\n<p>Redacci\u00f3n\/Zona Roja Cdmx.<\/p>\n\n\n\n<p>Ciudad de M\u00e9xico, a 22 de diciembre de 2023.- Una delegaci\u00f3n estadunidense de alto nivel viajar\u00e1 a M\u00e9xico en los pr\u00f3ximos d\u00edas para hablar de la crisis migratoria, inform\u00f3 la Casa Blanca el jueves tras conversaciones telef\u00f3nicas entre los presidentes Joe Biden y Andr\u00e9s Manuel L\u00f3pez Obrador.<\/p>\n\n\n\n<p>Biden pidi\u00f3 al secretario de Estado Antony Blinken, al secretario de Seguridad Nacional Alejandro Mayorkas y a la asesora de Seguridad Nacional de la Casa Blanca, Liz Sherwood Randall, que viajen a M\u00e9xico \u00aben los pr\u00f3ximos d\u00edas\u00bb.<\/p>\n\n\n\n<p>Los tres funcionarios estadunidenses \u00abse reunir\u00e1n con el presidente L\u00f3pez Obrador y su equipo para discutir nuevas acciones que se pueden tomar juntos para abordar los desaf\u00edos fronterizos actuales\u00bb, apunt\u00f3 Kirby.<\/p>\n\n\n\n<p>Las conversaciones y el viaje se producen mientras el opositor Partido Republicano presiona a los dem\u00f3cratas de Biden para que realicen cambios importantes en la pol\u00edtica de inmigraci\u00f3n como condici\u00f3n para aprobar un paquete de asistencia de emergencia para Ucrania e Israel.<\/p>\n\n\n\n<p>Kirby dijo que ha habido un \u00abaumento dram\u00e1tico\u00bb en la migraci\u00f3n a trav\u00e9s de la frontera, en gran parte desde pa\u00edses centroamericanos devastados por la violencia.<\/p>\n\n\n\n<p>En su conversaci\u00f3n telef\u00f3nica del jueves, Biden y L\u00f3pez Obrador \u00abcompartieron una preocupaci\u00f3n similar sobre el aumento del flujo migratorio en las \u00faltimas semanas\u00bb, indic\u00f3 Kirby.<\/p>\n\n\n\n<p>Ambos mandatarios hablaron \u00aben t\u00e9rminos generales sobre lo que se puede hacer dentro de M\u00e9xico para frenar ese proceso\u00bb, dijo.<\/p>\n\n\n\n<p>Algunas de las medidas posibles ser\u00edan aumentar los puestos de control en l\u00edneas ferroviarias y carreteras y ampliar la presencia de fuerzas de seguridad en la frontera sur de M\u00e9xico, se\u00f1al\u00f3 el vocero.<\/p>\n\n\n\n<p>(Informaci\u00f3n de la agencia AFP en \u201cLa Jornada\u201d)<\/p>\n","protected":false},"excerpt":{"rendered":"<p>Redacci\u00f3n\/Zona Roja Cdmx. Ciudad de M\u00e9xico, a 22 de diciembre de 2023.- Una delegaci\u00f3n estadunidense&hellip;<\/p>\n","protected":false},"author":2,"featured_media":50157,"comment_status":"closed","ping_status":"open","sticky":false,"template":"","format":"standard","meta":{"_lmt_disableupdate":"","_lmt_disable":"","_jetpack_memberships_contains_paid_content":false,"footnotes":""},"categories":[109,46],"tags":[3382],"class_list":["post-63470","post","type-post","status-publish","format-standard","has-post-thumbnail","hentry","category-minuto-a-minuto","category-zona-blanca","tag-joe-biden-en-mexico"],"jetpack_featured_media_url":"https:\/\/zonaroja.com.mx\/wp-content\/uploads\/2023\/01\/Lopez-Obrador-y-Joe-Biden.jpeg","jetpack_sharing_enabled":true,"_links":{"self":[{"href":"https:\/\/zonaroja.com.mx\/index.php?rest_route=\/wp\/v2\/posts\/63470","targetHints":{"allow":["GET"]}}],"collection":[{"href":"https:\/\/zonaroja.com.mx\/index.php?rest_route=\/wp\/v2\/posts"}],"about":[{"href":"https:\/\/zonaroja.com.mx\/index.php?rest_route=\/wp\/v2\/types\/post"}],"author":[{"embeddable":true,"href":"https:\/\/zonaroja.com.mx\/index.php?rest_route=\/wp\/v2\/users\/2"}],"replies":[{"embeddable":true,"href":"https:\/\/zonaroja.com.mx\/index.php?rest_route=%2Fwp%2Fv2%2Fcomments&post=63470"}],"version-history":[{"count":1,"href":"https:\/\/zonaroja.com.mx\/index.php?rest_route=\/wp\/v2\/posts\/63470\/revisions"}],"predecessor-version":[{"id":63471,"href":"https:\/\/zonaroja.com.mx\/index.php?rest_route=\/wp\/v2\/posts\/63470\/revisions\/63471"}],"wp:featuredmedia":[{"embeddable":true,"href":"https:\/\/zonaroja.com.mx\/index.php?rest_route=\/wp\/v2\/media\/50157"}],"wp:attachment":[{"href":"https:\/\/zonaroja.com.mx\/index.php?rest_route=%2Fwp%2Fv2%2Fmedia&parent=63470"}],"wp:term":[{"taxonomy":"category","embeddable":true,"href":"https:\/\/zonaroja.com.mx\/index.php?rest_route=%2Fwp%2Fv2%2Fcategories&post=63470"},{"taxonomy":"post_tag","embeddable":true,"href":"https:\/\/zonaroja.com.mx\/index.php?rest_route=%2Fwp%2Fv2%2Ftags&post=63470"}],"curies":[{"name":"wp","href":"https:\/\/api.w.org\/{rel}","templated":true}]}}