{"id":63472,"date":"2023-12-22T11:06:00","date_gmt":"2023-12-22T17:06:00","guid":{"rendered":"http:\/\/www.zonaroja.com.mx\/?p=63472"},"modified":"2023-12-22T08:29:07","modified_gmt":"2023-12-22T14:29:07","slug":"atacan-a-balazos-a-diputado-del-prd-ultiman-a-aspirante-a-legislador-de-morena","status":"publish","type":"post","link":"https:\/\/zonaroja.com.mx\/?p=63472","title":{"rendered":"Atacan a balazos a diputado del PRD; ultiman a aspirante a legislador de Morena"},"content":{"rendered":"\n<p>Redacci\u00f3n\/Zona Roja Cdmx.<\/p>\n\n\n\n<p>Oaxaca de Ju\u00e1rez, Oax., a 22 de diciembre de 2023.- Ricardo Taja Ram\u00edrez,&nbsp; aspirante a diputado por el Partido Morena, fue asesinado anoche a balazos en Acapulco, Guerrero.<\/p>\n\n\n\n<p>El individuo se hallaba en una senadur\u00eda denominada \u201cLas Vecinas\u201d, de la zona diamante, en el bulevar Las Naciones, cuando arribaron sujetos que dispararon en su contra, donde resultaron lesionadas dos personas m\u00e1s.<\/p>\n\n\n\n<p>EN MICHOAC\u00c1N<\/p>\n\n\n\n<p>En tanto que el diputado federal por el PRD, Mauricio Prieto G\u00f3mez, fue atacado a balazos cuando a bordo de su veh\u00edculo circulaba sobre la carretera Morelia-Salamanca. Sus escoltas repelieron la agresi\u00f3n. No hubo lesionados, inform\u00f3 la Secretar\u00eda de Seguridad P\u00fablica.<\/p>\n\n\n\n<p>La tarde de este jueves, el legislador circulaba a la altura de la comunidad de Cuto del Porvenir, municipio de Tar\u00edmbaro, cuando se detuvo en el lugar conocido como Las J\u00edcamas a comprar fruta cuando desde un auto Nissan Platina color negro le dispararon en varias ocasiones. Los agresores lograron huir.<\/p>\n\n\n\n<p>M\u00e1s tarde, el perredista declar\u00f3 a medios informativos locales que se encontraba comiendo fruta cuando un auto se detuvo y comenz\u00f3 a disparar. Responsabiliz\u00f3 al diputado del PT, Baltazar Gaona, quien por asuntos electorales lo agredi\u00f3.<\/p>\n\n\n\n<p>EN CHIHUAHUA<\/p>\n\n\n\n<p>Cuatro mujeres y un hombre fueron asesinados ayer en distintos sucesos, en los municipios de Cuauht\u00e9moc, Ciudad Ju\u00e1rez y la capital del estado, informaron fuentes policiales.<\/p>\n\n\n\n<p>Durante la madrugada, autoridades de la primera demarcaci\u00f3n hallaron el cuerpo de una f\u00e9mina colgado del puente Santa Luc\u00eda, ubicado en el kil\u00f3metro 96 + 400 de la carretera federal n\u00famero 16. En el mismo lugar, pero a un lado de la cinta asf\u00e1ltica, estaba el cad\u00e1ver de otra mujer con las manos y los pies atados.<\/p>\n\n\n\n<p>Personal del Servicio M\u00e9dico Forense precis\u00f3 que ambas v\u00edctimas presentaban signos de tortura, adem\u00e1s de heridas provocadas por impactos de arma de fuego en las extremidades superiores.<\/p>\n\n\n\n<p>En Ciudad Ju\u00e1rez, elementos de la secretar\u00eda de seguridad p\u00fablica municipal dieron a conocer el homicidio de otra mujer, cuyo cuerpo calcinado fue encontrado en un predio ubicado entre las calles 2 de Octubre y Pavo Real, en la colonia P\u00e1nfilo Natera.<\/p>\n\n\n\n<p>EN CHIAPAS<\/p>\n\n\n\n<p>Los cad\u00e1veres de cinco hombres desaparecidos en los municipios de Villaflores y Villa Corzo, en la regi\u00f3n de la Frailesca, fueron hallados ayer e identificados por sus familiares, inform\u00f3 la Fiscal\u00eda General del Estado (FGE).<\/p>\n\n\n\n<p>Elementos de la polic\u00eda de investigaci\u00f3n y de servicios periciales de la FGE \u201cconstataron\u201d que los cad\u00e1veres son de Nicol\u00e1s, Abelardo, Darinel , Carlos y Cristian.<\/p>\n\n\n\n<p>La FGE indic\u00f3 que derivado de la localizaci\u00f3n de los restos humanos se iniciaron las carpetas correspondientes. La instituci\u00f3n no precis\u00f3 en qu\u00e9 sitio y condiciones fueron encontrados los cuerpos; se\u00f1al\u00f3 que, por conducto de la Fiscal\u00eda de Distrito Frailesca \u201cdar\u00e1 continuidad a las investigaciones correspondientes por el delito de homicidio calificado\u201d<\/p>\n\n\n\n<p>(Informaci\u00f3n de \u201cLa Jornada\u201d)<\/p>\n","protected":false},"excerpt":{"rendered":"<p>Redacci\u00f3n\/Zona Roja Cdmx. Oaxaca de Ju\u00e1rez, Oax., a 22 de diciembre de 2023.- Ricardo Taja&hellip;<\/p>\n","protected":false},"author":2,"featured_media":54456,"comment_status":"closed","ping_status":"open","sticky":false,"template":"","format":"standard","meta":{"_lmt_disableupdate":"","_lmt_disable":"","_jetpack_memberships_contains_paid_content":false,"footnotes":""},"categories":[109,51],"tags":[1746],"class_list":["post-63472","post","type-post","status-publish","format-standard","has-post-thumbnail","hentry","category-minuto-a-minuto","category-zona-roja","tag-violencia-en-mexico"],"jetpack_featured_media_url":"https:\/\/zonaroja.com.mx\/wp-content\/uploads\/2023\/04\/Escena-crimen-homicidio-violencia-asesinato.webp","jetpack_sharing_enabled":true,"_links":{"self":[{"href":"https:\/\/zonaroja.com.mx\/index.php?rest_route=\/wp\/v2\/posts\/63472","targetHints":{"allow":["GET"]}}],"collection":[{"href":"https:\/\/zonaroja.com.mx\/index.php?rest_route=\/wp\/v2\/posts"}],"about":[{"href":"https:\/\/zonaroja.com.mx\/index.php?rest_route=\/wp\/v2\/types\/post"}],"author":[{"embeddable":true,"href":"https:\/\/zonaroja.com.mx\/index.php?rest_route=\/wp\/v2\/users\/2"}],"replies":[{"embeddable":true,"href":"https:\/\/zonaroja.com.mx\/index.php?rest_route=%2Fwp%2Fv2%2Fcomments&post=63472"}],"version-history":[{"count":1,"href":"https:\/\/zonaroja.com.mx\/index.php?rest_route=\/wp\/v2\/posts\/63472\/revisions"}],"predecessor-version":[{"id":63476,"href":"https:\/\/zonaroja.com.mx\/index.php?rest_route=\/wp\/v2\/posts\/63472\/revisions\/63476"}],"wp:featuredmedia":[{"embeddable":true,"href":"https:\/\/zonaroja.com.mx\/index.php?rest_route=\/wp\/v2\/media\/54456"}],"wp:attachment":[{"href":"https:\/\/zonaroja.com.mx\/index.php?rest_route=%2Fwp%2Fv2%2Fmedia&parent=63472"}],"wp:term":[{"taxonomy":"category","embeddable":true,"href":"https:\/\/zonaroja.com.mx\/index.php?rest_route=%2Fwp%2Fv2%2Fcategories&post=63472"},{"taxonomy":"post_tag","embeddable":true,"href":"https:\/\/zonaroja.com.mx\/index.php?rest_route=%2Fwp%2Fv2%2Ftags&post=63472"}],"curies":[{"name":"wp","href":"https:\/\/api.w.org\/{rel}","templated":true}]}}