{"id":6348,"date":"2019-12-04T16:21:58","date_gmt":"2019-12-04T22:21:58","guid":{"rendered":"https:\/\/www.zonaroja.com.mx\/?p=6348"},"modified":"2019-12-04T16:22:01","modified_gmt":"2019-12-04T22:22:01","slug":"animalistas-protestan-en-el-ayuntamiento-de-oaxaca-de-juarez","status":"publish","type":"post","link":"https:\/\/zonaroja.com.mx\/?p=6348","title":{"rendered":"Animalistas protestan en el ayuntamiento de Oaxaca de Ju\u00e1rez"},"content":{"rendered":"\n<p>Evlin Arag\u00f3n\/Zona Roja.&nbsp;<\/p>\n\n\n\n<p>Oaxaca de Ju\u00e1rez, Oax.. 4 de diciembre de 2019.-&nbsp;Integrantes de diversas organizaciones protectoras de animales, encabezadas por Hilda Toledo, protagonizaron&nbsp;<a href=\"\/\/0\">este mi\u00e9rcoles<\/a>&nbsp;una protesta en el ayuntamiento de Oaxaca de Ju\u00e1rez, para denunciar la falta de atenci\u00f3n por parte del edil Oswaldo Garc\u00eda Jarqu\u00edn.&nbsp;<\/p>\n\n\n\n<p>Por medio de un altavoz, la activista cuestion\u00f3 las constantes declaraciones del primer concejal,&nbsp;quien argumenta que no existe recurso para atender la problem\u00e1tica de la sobrepoblaci\u00f3n de animales en las calles y por el contrario, gasta dinero en materiales de difusi\u00f3n sobre las acciones que ha realizado durante su primer a\u00f1o de administraci\u00f3n.&nbsp;<\/p>\n\n\n\n<p>\u201cA Oaxaca cu\u00e1ndo va a llegar la Cuarta Transformaci\u00f3n, cu\u00e1ndo encontraremos a servidores p\u00fablicos que trabajen como lo hace el Presidente de la Rep\u00fablica. El edil de la capital no cumple sus compromisos de campa\u00f1a, no ha tenido la sensibilidad de atendernos y escuchar las propuestas que tenemos para consolidar la esterilizaci\u00f3n de animales que se encuentran en la calle\u201d, asegur\u00f3.&nbsp;<\/p>\n\n\n\n<p>Explic\u00f3 que en varias ocasiones han propuesto la utilizaci\u00f3n de la t\u00e9cnica&nbsp;de esterilizaci\u00f3n r\u00e1pida de animales \u201c<strong>Quick Spay<\/strong>\u201d o de m\u00ednima invasi\u00f3n,&nbsp;que no implican mayor inversi\u00f3n e incluso se ha puesto sobre la mesa la mezcla de recursos, sin embargo no hay respuesta satisfactoria por parte de las autoridades ya que se han negado a escuchar a las activistas.<\/p>\n\n\n\n<p>\u201cNo es que no haya dinero, nosotras les estamos proponiendo la t\u00e9cnica \u2018Quick Spay\u2019, as\u00ed como mezcla de insumos y potenciarlo, sin embargo no quieren aplicarla desconocemos la raz\u00f3n de ello\u201d, sentenci\u00f3.&nbsp;<\/p>\n\n\n\n<p>Por lo anterior, denunci\u00f3 y critic\u00f3 la simulaci\u00f3n del director de Salud Municipal, Marco Antonio Jim\u00e9nez Bola\u00f1os, quien asegur\u00f3 no realiza las funciones que por ley le competen al estar al frente de la instancia y por el contrario deja que el personal a su cargo resuelva, sin embargo, tampoco han hecho nada con respecto a la esterilizaci\u00f3n de animales en situaci\u00f3n de calle.<\/p>\n\n\n\n<p>\u201cEn d\u00f3nde &nbsp;esta el amor que le tienen a Oaxaca, es un discurso hueco no hacen nada para solucionar las diversas problem\u00e1ticas que se viven en la capital del estado\u201d, dijo.<\/p>\n\n\n\n<p>Finalmente advirti\u00f3 que mantendr\u00e1n sus protestas las veces que sean necesarias hasta que sean escuchadas por parte del edil Oswaldo Garc\u00eda Jarqu\u00edn a quien le advirtieron que se manifestaran en el marco de su primer informe de no ser atendidas.&nbsp;<br class=\"Apple-interchange-newline\" \/><\/p>\n","protected":false},"excerpt":{"rendered":"<p>Evlin Arag\u00f3n\/Zona Roja.&nbsp; Oaxaca de Ju\u00e1rez, Oax.. 4 de diciembre de 2019.-&nbsp;Integrantes de diversas organizaciones&hellip;<\/p>\n","protected":false},"author":2,"featured_media":6347,"comment_status":"closed","ping_status":"open","sticky":false,"template":"","format":"standard","meta":{"_lmt_disableupdate":"","_lmt_disable":"","_jetpack_memberships_contains_paid_content":false,"footnotes":""},"categories":[109,47],"tags":[148,115],"class_list":["post-6348","post","type-post","status-publish","format-standard","has-post-thumbnail","hentry","category-minuto-a-minuto","category-zona-gris","tag-oaxaca-de-juarez","tag-oswaldo-garcia-jarquin"],"jetpack_featured_media_url":"https:\/\/zonaroja.com.mx\/wp-content\/uploads\/2019\/12\/79d83a0f-2d89-4007-8368-e9294429c088.jpg","jetpack_sharing_enabled":true,"_links":{"self":[{"href":"https:\/\/zonaroja.com.mx\/index.php?rest_route=\/wp\/v2\/posts\/6348","targetHints":{"allow":["GET"]}}],"collection":[{"href":"https:\/\/zonaroja.com.mx\/index.php?rest_route=\/wp\/v2\/posts"}],"about":[{"href":"https:\/\/zonaroja.com.mx\/index.php?rest_route=\/wp\/v2\/types\/post"}],"author":[{"embeddable":true,"href":"https:\/\/zonaroja.com.mx\/index.php?rest_route=\/wp\/v2\/users\/2"}],"replies":[{"embeddable":true,"href":"https:\/\/zonaroja.com.mx\/index.php?rest_route=%2Fwp%2Fv2%2Fcomments&post=6348"}],"version-history":[{"count":1,"href":"https:\/\/zonaroja.com.mx\/index.php?rest_route=\/wp\/v2\/posts\/6348\/revisions"}],"predecessor-version":[{"id":6349,"href":"https:\/\/zonaroja.com.mx\/index.php?rest_route=\/wp\/v2\/posts\/6348\/revisions\/6349"}],"wp:featuredmedia":[{"embeddable":true,"href":"https:\/\/zonaroja.com.mx\/index.php?rest_route=\/wp\/v2\/media\/6347"}],"wp:attachment":[{"href":"https:\/\/zonaroja.com.mx\/index.php?rest_route=%2Fwp%2Fv2%2Fmedia&parent=6348"}],"wp:term":[{"taxonomy":"category","embeddable":true,"href":"https:\/\/zonaroja.com.mx\/index.php?rest_route=%2Fwp%2Fv2%2Fcategories&post=6348"},{"taxonomy":"post_tag","embeddable":true,"href":"https:\/\/zonaroja.com.mx\/index.php?rest_route=%2Fwp%2Fv2%2Ftags&post=6348"}],"curies":[{"name":"wp","href":"https:\/\/api.w.org\/{rel}","templated":true}]}}