{"id":63489,"date":"2023-12-22T20:28:11","date_gmt":"2023-12-23T02:28:11","guid":{"rendered":"http:\/\/www.zonaroja.com.mx\/?p=63489"},"modified":"2023-12-22T20:28:14","modified_gmt":"2023-12-23T02:28:14","slug":"exigen-castigo-contra-sujeto-que-provoco-accidente-y-lesiono-a-una-joven","status":"publish","type":"post","link":"https:\/\/zonaroja.com.mx\/?p=63489","title":{"rendered":"Exigen castigo contra sujeto que provoc\u00f3 accidente y lesion\u00f3 a una joven"},"content":{"rendered":"\n<p>Redacci\u00f3n\/Zona Roja.<\/p>\n\n\n\n<p>Oaxaca de Ju\u00e1rez, Oax., a 22 de diciembre de 2023.- Familiares y amigos de Julissa L\u00f3pez Mart\u00ednez, originaria de San Pablo Huitzo, qui\u00e9n result\u00f3 con lesiones de gravedad derivado de un accidente automovil\u00edstico el domingo 17 de diciembre sobre la carretera federal 190, a la altura de la secundaria de Santiago Suchilquitongo, exigieron castigo para el responsable.<\/p>\n\n\n\n<p>El accidente se produjo luego de que la camioneta marca Toyota, tipo Hilux, color blanco, a nombre de Eddie Jezzer V\u00e1squez Avenda\u00f1o mejor conocido como \u201cLos Changos\u201d de San Francisco Telixtlahuaca invadi\u00f3 carril, chocando contra el coche blanco que era conducido por la joven.&nbsp;<\/p>\n\n\n\n<p>El conductor infractor identificado como Ezequiel V\u00e1squez Caballero mejor conocido como \u201cCheque o \u201cLos Chiros\u201d del Barrio de la Cantera de San Pablo Huitzo, conduc\u00eda en estado de ebriedad y bajo el efecto de sustancias t\u00f3xicas.<\/p>\n\n\n\n<p>De acuerdo con testigos que presenciaron el hecho, el conductor de la camioneta conduc\u00eda a exceso de velocidad e iba rebasando otros veh\u00edculos, por lo que al hacer una maniobra invadi\u00f3 el carril contrario donde circulaba el coche blanco, chocando de frente y sac\u00e1ndolo de la cinta asf\u00e1ltica.<\/p>\n\n\n\n<p>Por la magnitud del impacto, la camioneta qued\u00f3 atravesada sobre el carril contrario de la carretera, la caja que ten\u00eda puesta la unidad de motor &nbsp;sali\u00f3 volando y qued\u00f3 tirada metros adelante del accidente, mientras que el veh\u00edculo de Julissa qued\u00f3 totalmente destrozado de la parte frontal, quedando prensada entre los fierros del mismo carro.<\/p>\n\n\n\n<p>Por lo anterior, familiares de Julissa L\u00f3pez interpusieron la denuncia correspondiente ante la Fiscal\u00eda General del Estado de Oaxaca (FGEO) para que se castigue con todo el peso de la Ley al responsable, sin embargo, Ezequiel V\u00e1squez, fue puesto en libertad mientras que la joven Julissa est\u00e1 internada en el hospital del ISSSTE y su estado de salud es delicado.&nbsp;<\/p>\n\n\n\n<p>Hasta el momento, tampoco se ha realizado la reparaci\u00f3n de los da\u00f1os; tanto la aseguradora Qu\u00e1litas como el due\u00f1o de la unidad de motor, han sido omisos a esta situaci\u00f3n, por lo que los familiares de la v\u00edctima no descartan en protestar con el apoyo de vecinos y vecinas de Huitzo, para exigir justicia para Julissa L\u00f3pez.<\/p>\n","protected":false},"excerpt":{"rendered":"<p>Redacci\u00f3n\/Zona Roja. Oaxaca de Ju\u00e1rez, Oax., a 22 de diciembre de 2023.- Familiares y amigos&hellip;<\/p>\n","protected":false},"author":2,"featured_media":63482,"comment_status":"closed","ping_status":"open","sticky":false,"template":"","format":"standard","meta":{"_lmt_disableupdate":"","_lmt_disable":"","_jetpack_memberships_contains_paid_content":false,"footnotes":""},"categories":[109,47],"tags":[1744],"class_list":["post-63489","post","type-post","status-publish","format-standard","has-post-thumbnail","hentry","category-minuto-a-minuto","category-zona-gris","tag-san-pablo-villa-de-huitzo"],"jetpack_featured_media_url":"https:\/\/zonaroja.com.mx\/wp-content\/uploads\/2023\/12\/Afectado-Qualitas-accidente-Julissa.jpg","jetpack_sharing_enabled":true,"_links":{"self":[{"href":"https:\/\/zonaroja.com.mx\/index.php?rest_route=\/wp\/v2\/posts\/63489","targetHints":{"allow":["GET"]}}],"collection":[{"href":"https:\/\/zonaroja.com.mx\/index.php?rest_route=\/wp\/v2\/posts"}],"about":[{"href":"https:\/\/zonaroja.com.mx\/index.php?rest_route=\/wp\/v2\/types\/post"}],"author":[{"embeddable":true,"href":"https:\/\/zonaroja.com.mx\/index.php?rest_route=\/wp\/v2\/users\/2"}],"replies":[{"embeddable":true,"href":"https:\/\/zonaroja.com.mx\/index.php?rest_route=%2Fwp%2Fv2%2Fcomments&post=63489"}],"version-history":[{"count":1,"href":"https:\/\/zonaroja.com.mx\/index.php?rest_route=\/wp\/v2\/posts\/63489\/revisions"}],"predecessor-version":[{"id":63490,"href":"https:\/\/zonaroja.com.mx\/index.php?rest_route=\/wp\/v2\/posts\/63489\/revisions\/63490"}],"wp:featuredmedia":[{"embeddable":true,"href":"https:\/\/zonaroja.com.mx\/index.php?rest_route=\/wp\/v2\/media\/63482"}],"wp:attachment":[{"href":"https:\/\/zonaroja.com.mx\/index.php?rest_route=%2Fwp%2Fv2%2Fmedia&parent=63489"}],"wp:term":[{"taxonomy":"category","embeddable":true,"href":"https:\/\/zonaroja.com.mx\/index.php?rest_route=%2Fwp%2Fv2%2Fcategories&post=63489"},{"taxonomy":"post_tag","embeddable":true,"href":"https:\/\/zonaroja.com.mx\/index.php?rest_route=%2Fwp%2Fv2%2Ftags&post=63489"}],"curies":[{"name":"wp","href":"https:\/\/api.w.org\/{rel}","templated":true}]}}