{"id":63491,"date":"2023-12-22T20:50:17","date_gmt":"2023-12-23T02:50:17","guid":{"rendered":"http:\/\/www.zonaroja.com.mx\/?p=63491"},"modified":"2023-12-22T20:50:19","modified_gmt":"2023-12-23T02:50:19","slug":"confirman-13-lesionados-por-caida-de-gradas-en-el-centro-de-la-ciudad-de-oaxaca","status":"publish","type":"post","link":"https:\/\/zonaroja.com.mx\/?p=63491","title":{"rendered":"Confirman 13 lesionados por ca\u00edda de gradas en el centro de la ciudad de Oaxaca"},"content":{"rendered":"\n<p>Ismael Garc\u00eda M.\/Zona Roja.<\/p>\n\n\n\n<p>Oaxaca de Ju\u00e1rez, Oax., a 22 de diciembre de 2023.- Siete personas, entre ellas dos menores de edad, resultaron lesionadas debido a la ca\u00edda de unas gradas met\u00e1licas instaladas en la Alameda de Le\u00f3n de la ciudad de Oaxaca, para presenciar el desfile previo a la festividad de la Noche de R\u00e1banos.<\/p>\n\n\n\n<p>En un comunicado, el Gobierno del Estado inform\u00f3 que de los heridos, tres ya fueron dados de alta luego de su valoraci\u00f3n, en tanto que el resto contin\u00faa recibiendo atenci\u00f3n m\u00e9dica en diversos nosocomios de la capital.<\/p>\n\n\n\n<p>El percance ocurri\u00f3 alrededor de las seis de la tarde, mientras cientos de personas esperaban la llegada del desfile, que hab\u00eda partido de la fuente de las Ocho Regiones.<\/p>\n\n\n\n<p>Hasta el momento se desconoce el nombre de la empresa que coloc\u00f3 las gradas, contratada por la Secretar\u00eda de Turismo que encabeza Saymi Pineda.<\/p>\n\n\n\n<p>En su comunicado, el Gobierno del Estado detall\u00f3 que personal de los Servicios de Salud de Oaxaca (SSO), de la Coordinaci\u00f3n Estatal de Protecci\u00f3n Civil y Gesti\u00f3n de Riesgos (CEPCyGR), Heroico Cuerpo de Bomberos y Secretar\u00eda de Seguridad y Protecci\u00f3n Ciudadana (SSPC), apoyados por elementos de la Cruz Roja Mexicana Delegaci\u00f3n Oaxaca, brindaron atenci\u00f3n m\u00e9dica a las personas que resultaron lesionadas.<\/p>\n\n\n\n<p>\u201cEn cuanto se tuvo conocimiento del incidente se giraron instrucciones a todas las dependencias y organismos de la administraci\u00f3n p\u00fablica estatal para que intervinieran y auxiliaran a las personas.<\/p>\n\n\n\n<p>\u201cAl lugar del percance arrib\u00f3 personal m\u00e9dico y param\u00e9dico de las instituciones antes mencionadas que brindaron los primeros auxilios a quienes resultaron con afectaci\u00f3n\u201d, expuso.<\/p>\n\n\n\n<p>A\u00f1adi\u00f3 que la Fiscal\u00eda General del Estado abrir\u00e1 una carpeta de investigaci\u00f3n para determinar las causas del incidente y deslindar responsabilidades, asimismo, se brindar\u00e1 acompa\u00f1amiento a las familias de las personas lesionadas.<\/p>\n","protected":false},"excerpt":{"rendered":"<p>Ismael Garc\u00eda M.\/Zona Roja. Oaxaca de Ju\u00e1rez, Oax., a 22 de diciembre de 2023.- Siete&hellip;<\/p>\n","protected":false},"author":2,"featured_media":63492,"comment_status":"closed","ping_status":"open","sticky":false,"template":"","format":"standard","meta":{"_lmt_disableupdate":"","_lmt_disable":"","_jetpack_memberships_contains_paid_content":false,"footnotes":""},"categories":[109,47],"tags":[148],"class_list":["post-63491","post","type-post","status-publish","format-standard","has-post-thumbnail","hentry","category-minuto-a-minuto","category-zona-gris","tag-oaxaca-de-juarez"],"jetpack_featured_media_url":"https:\/\/zonaroja.com.mx\/wp-content\/uploads\/2023\/12\/Caen-gradas-Alameda-ciudad-de-Oaxaca.jpg","jetpack_sharing_enabled":true,"_links":{"self":[{"href":"https:\/\/zonaroja.com.mx\/index.php?rest_route=\/wp\/v2\/posts\/63491","targetHints":{"allow":["GET"]}}],"collection":[{"href":"https:\/\/zonaroja.com.mx\/index.php?rest_route=\/wp\/v2\/posts"}],"about":[{"href":"https:\/\/zonaroja.com.mx\/index.php?rest_route=\/wp\/v2\/types\/post"}],"author":[{"embeddable":true,"href":"https:\/\/zonaroja.com.mx\/index.php?rest_route=\/wp\/v2\/users\/2"}],"replies":[{"embeddable":true,"href":"https:\/\/zonaroja.com.mx\/index.php?rest_route=%2Fwp%2Fv2%2Fcomments&post=63491"}],"version-history":[{"count":1,"href":"https:\/\/zonaroja.com.mx\/index.php?rest_route=\/wp\/v2\/posts\/63491\/revisions"}],"predecessor-version":[{"id":63493,"href":"https:\/\/zonaroja.com.mx\/index.php?rest_route=\/wp\/v2\/posts\/63491\/revisions\/63493"}],"wp:featuredmedia":[{"embeddable":true,"href":"https:\/\/zonaroja.com.mx\/index.php?rest_route=\/wp\/v2\/media\/63492"}],"wp:attachment":[{"href":"https:\/\/zonaroja.com.mx\/index.php?rest_route=%2Fwp%2Fv2%2Fmedia&parent=63491"}],"wp:term":[{"taxonomy":"category","embeddable":true,"href":"https:\/\/zonaroja.com.mx\/index.php?rest_route=%2Fwp%2Fv2%2Fcategories&post=63491"},{"taxonomy":"post_tag","embeddable":true,"href":"https:\/\/zonaroja.com.mx\/index.php?rest_route=%2Fwp%2Fv2%2Ftags&post=63491"}],"curies":[{"name":"wp","href":"https:\/\/api.w.org\/{rel}","templated":true}]}}