{"id":63494,"date":"2023-12-23T06:59:07","date_gmt":"2023-12-23T12:59:07","guid":{"rendered":"http:\/\/www.zonaroja.com.mx\/?p=63494"},"modified":"2023-12-23T08:51:40","modified_gmt":"2023-12-23T14:51:40","slug":"informe-de-edil-de-juchitan-entre-violencia-y-crimen","status":"publish","type":"post","link":"https:\/\/zonaroja.com.mx\/?p=63494","title":{"rendered":"Informe de edil de Juchit\u00e1n, entre violencia y crimen"},"content":{"rendered":"\n<p>Raymundo Morales\/Zona Roja.<\/p>\n\n\n\n<p>Oaxaca de Ju\u00e1rez, Oax., a 23 de diciembre de 2023.- Entre violencia criminal, el presidente municipal de Juchit\u00e1n de Zaragoza, Miguel S\u00e1nchez Altamirano, rindi\u00f3 su informe de gobierno.<\/p>\n\n\n\n<p>El jueves, horas antes de su evento, un individuo, Amado \u201cN\u201d, fue degollado con arma blanca en la calle H\u00e9ctor S\u00e1nchez y a la fecha permanece hospitalizado, delicado de salud, mientras que ayer por la ma\u00f1ana, un sujeto fue ejecutado.<\/p>\n\n\n\n<p>De los hechos de este jueves, fue a un costado del canal de riego, en la colonia Carlos S\u00e1nchez de Juchit\u00e1n, en que localizaron el cuerpo de un individuo con huellas de tortura, maniatado, cubierta la cabeza con una bolsa y con impactos de arma de fuego en varias partes.<\/p>\n\n\n\n<p>La v\u00edctima a\u00fan no ha sido identificada hasta esta ma\u00f1ana y portaba un pantal\u00f3n corto color caf\u00e9, tenis de color blanco y ten\u00eda el torso desnudo.<\/p>\n\n\n\n<p>Personal de la Vicefiscal\u00eda Regional del Istmo inici\u00f3 las indagatorias correspondientes con la finalidad de esclarecer los hechos y procurar justicia.<\/p>\n","protected":false},"excerpt":{"rendered":"<p>Raymundo Morales\/Zona Roja. Oaxaca de Ju\u00e1rez, Oax., a 23 de diciembre de 2023.- Entre violencia&hellip;<\/p>\n","protected":false},"author":2,"featured_media":63484,"comment_status":"closed","ping_status":"open","sticky":false,"template":"","format":"standard","meta":{"_lmt_disableupdate":"","_lmt_disable":"","_jetpack_memberships_contains_paid_content":false,"footnotes":""},"categories":[109,51],"tags":[123],"class_list":["post-63494","post","type-post","status-publish","format-standard","has-post-thumbnail","hentry","category-minuto-a-minuto","category-zona-roja","tag-juchitan-de-zaragoza"],"jetpack_featured_media_url":"https:\/\/zonaroja.com.mx\/wp-content\/uploads\/2023\/12\/Ejecutado-Juchitan.jpg","jetpack_sharing_enabled":true,"_links":{"self":[{"href":"https:\/\/zonaroja.com.mx\/index.php?rest_route=\/wp\/v2\/posts\/63494","targetHints":{"allow":["GET"]}}],"collection":[{"href":"https:\/\/zonaroja.com.mx\/index.php?rest_route=\/wp\/v2\/posts"}],"about":[{"href":"https:\/\/zonaroja.com.mx\/index.php?rest_route=\/wp\/v2\/types\/post"}],"author":[{"embeddable":true,"href":"https:\/\/zonaroja.com.mx\/index.php?rest_route=\/wp\/v2\/users\/2"}],"replies":[{"embeddable":true,"href":"https:\/\/zonaroja.com.mx\/index.php?rest_route=%2Fwp%2Fv2%2Fcomments&post=63494"}],"version-history":[{"count":2,"href":"https:\/\/zonaroja.com.mx\/index.php?rest_route=\/wp\/v2\/posts\/63494\/revisions"}],"predecessor-version":[{"id":63519,"href":"https:\/\/zonaroja.com.mx\/index.php?rest_route=\/wp\/v2\/posts\/63494\/revisions\/63519"}],"wp:featuredmedia":[{"embeddable":true,"href":"https:\/\/zonaroja.com.mx\/index.php?rest_route=\/wp\/v2\/media\/63484"}],"wp:attachment":[{"href":"https:\/\/zonaroja.com.mx\/index.php?rest_route=%2Fwp%2Fv2%2Fmedia&parent=63494"}],"wp:term":[{"taxonomy":"category","embeddable":true,"href":"https:\/\/zonaroja.com.mx\/index.php?rest_route=%2Fwp%2Fv2%2Fcategories&post=63494"},{"taxonomy":"post_tag","embeddable":true,"href":"https:\/\/zonaroja.com.mx\/index.php?rest_route=%2Fwp%2Fv2%2Ftags&post=63494"}],"curies":[{"name":"wp","href":"https:\/\/api.w.org\/{rel}","templated":true}]}}