{"id":6350,"date":"2019-12-04T18:13:20","date_gmt":"2019-12-05T00:13:20","guid":{"rendered":"http:\/\/www.zonaroja.com.mx\/?p=6350"},"modified":"2019-12-04T18:13:52","modified_gmt":"2019-12-05T00:13:52","slug":"acusan-a-mafud-de-azuzar-conflictos-no-solucionarlos-y-llevarlos-al-congreso","status":"publish","type":"post","link":"https:\/\/zonaroja.com.mx\/?p=6350","title":{"rendered":"Acusan a Mafud de azuzar conflictos, no solucionarlos y llevarlos al Congreso"},"content":{"rendered":"\n<p>Ismael Garc\u00eda M.\/Zona Roja.<\/p>\n\n\n\n<p>San Raymundo Jalpan, 4 de diciembre de\n2019.- La fracci\u00f3n parlamentaria del Partido Morena en la 64 Legislatura de\nOaxaca acus\u00f3 al titular de la Secretar\u00eda General de Gobierno, H\u00e9ctor Anuar\nMafud, de desatender a las comunidades, no resolver conflictos y por el\ncontrario, enviar a los manifestantes al Congreso local.<\/p>\n\n\n\n<p>\u201cSi quiere ser escuchado por el\nCongreso, con mucho gusto podemos recibirlo y atender con atenci\u00f3n lo que tenga\nque decir. Mal favor hace usted a su patr\u00f3n con estas pr\u00e1cticas del pasado. Mal\nfavor le hace administrando, atizando o haciendo estallar conflictos con base\nen mentiras.<\/p>\n\n\n\n<p>\u201cNo se aproveche de las necesidades de\nla gente para medrar pol\u00edticamente contra quienes usted considera oponentes. Le\ninvito cordialmente a transitar al nuevo escenario pol\u00edtico, y actuar conforme\nlas leyes\u201d, dijo en tribuna, la vocera de los legisladores, Delfina Guzm\u00e1n.<\/p>\n\n\n\n<p>En esta semana al menos tres grupos de\nmanifestantes han arribado a la sede del Legislativo e incluso han retenido al\npersonal y golpeado a algunas personas, entre ellas una periodista.<\/p>\n\n\n\n<p>\u201cComo ustedes saben, en los \u00faltimos\nd\u00edas este Congreso ha sido asediado por personas de diversas comunidades que\nexigen soluci\u00f3n a distintas demandas, la mayor\u00eda de ellas justas y leg\u00edtimas.<\/p>\n\n\n\n<p>\u201cEn algunos casos, las demandas han\ntenido que ver colateralmente con el Congreso.&nbsp;\nEn otras ni siquiera de lejos.<\/p>\n\n\n\n<p>\u201cEn pol\u00edtica no existen las casualidades. Y esto sucede cuando apenas se renov\u00f3 la coordinaci\u00f3n del Grupo Parlamentario mayoritario, y con ello la Presidencia de la Junta de Coordinaci\u00f3n Pol\u00edtica\u201d, dijo.<\/p>\n\n\n\n<figure class=\"wp-block-embed-twitter wp-block-embed is-type-rich is-provider-twitter\"><div class=\"wp-block-embed__wrapper\">\n<div class=\"twitter-tweet\"><blockquote class=\"twitter-tweet\" data-lang=\"es\"><p lang=\"es\" dir=\"ltr\">En asuntos generales, a nombre de la fracci\u00f3n de Morena, la diputada <a href=\"https:\/\/twitter.com\/DelfinaGuzmanD1?ref_src=twsrc%5Etfw\">@DelfinaGuzmanD1<\/a> llam\u00f3 la atenci\u00f3n al titular de la <a href=\"https:\/\/twitter.com\/SEGEGO_GobOax?ref_src=twsrc%5Etfw\">@SEGEGO_GobOax<\/a>, <a href=\"https:\/\/twitter.com\/HectorA_Mafud?ref_src=twsrc%5Etfw\">@HectorA_Mafud<\/a>, por desatender conflictos y por enviar a los manifestantes a la sede del <a href=\"https:\/\/twitter.com\/CongresoOaxLXIV?ref_src=twsrc%5Etfw\">@CongresoOaxLXIV<\/a>, sin ser tema legislativo. <a href=\"https:\/\/t.co\/vNrXRyB8ny\">pic.twitter.com\/vNrXRyB8ny<\/a><\/p>&mdash; Zona Roja Oaxaca (@MexRoja) <a href=\"https:\/\/twitter.com\/MexRoja\/status\/1202347292835094528?ref_src=twsrc%5Etfw\">4 de diciembre de 2019<\/a><\/blockquote><\/div>\n<\/div><\/figure>\n\n\n\n<p>\u201cEso llama al menos a la suspicacia. Diputadas\ny diputados, aqu\u00ed huele a gato encerrado. Huele a gato medio muerto y\nmomificado\u201d, agreg\u00f3 la diputada, para en seguida pedir a Mafud Mafud:<\/p>\n\n\n\n<p>\u201cSe\u00f1or secretario general de Gobierno: D\u00e9jenos\ntrabajar. Entienda que los tiempos cambiaron.&nbsp;\nQue tiene usted que vivir y trabajar en una realidad en la que el\ngobernador, el jefe de usted, ya no es el patr\u00f3n del Congreso del Estado.<\/p>\n\n\n\n<p>\u201cEntienda que tiene que interactuar con\nlas distintas fuerzas pol\u00edticas y con los distintos poderes del Estado,\nconforme las reglas democr\u00e1ticas de la pol\u00edtica, y no bajo los mecanismos\nperversos construidos para la sociedad de esclavos a la que usted est\u00e1\nacostumbrado.<\/p>\n\n\n\n<p>\u201cSe\u00f1or secretario general de Gobierno: Entienda\nque hoy vivimos un nuevo r\u00e9gimen en el que manda el pueblo y los gobernantes\nobedecen. Deje de atizar el avispero\u201d, agreg\u00f3.<\/p>\n\n\n\n<p>El pronunciamiento se dio en Asuntos\nGenerales de la orden del d\u00eda, en el marco de una protesta de pobladores de San\nMart\u00edn Peras, Juxtlahuaca, que cerraron las puertas del Congreso e impidieron\npor unas horas la salida y entrada de la gente.<\/p>\n","protected":false},"excerpt":{"rendered":"<p>Ismael Garc\u00eda M.\/Zona Roja. San Raymundo Jalpan, 4 de diciembre de 2019.- La fracci\u00f3n parlamentaria&hellip;<\/p>\n","protected":false},"author":2,"featured_media":6351,"comment_status":"closed","ping_status":"open","sticky":false,"template":"","format":"standard","meta":{"_lmt_disableupdate":"","_lmt_disable":"","_jetpack_memberships_contains_paid_content":false,"footnotes":""},"categories":[109,47],"tags":[213,1095,1096],"class_list":["post-6350","post","type-post","status-publish","format-standard","has-post-thumbnail","hentry","category-minuto-a-minuto","category-zona-gris","tag-64-legislatura-de-oaxaca","tag-delfina-guzman","tag-hector-anuar-mafud-mafud"],"jetpack_featured_media_url":"https:\/\/zonaroja.com.mx\/wp-content\/uploads\/2019\/12\/Delfina-Guzm\u00e1n.jpg","jetpack_sharing_enabled":true,"_links":{"self":[{"href":"https:\/\/zonaroja.com.mx\/index.php?rest_route=\/wp\/v2\/posts\/6350","targetHints":{"allow":["GET"]}}],"collection":[{"href":"https:\/\/zonaroja.com.mx\/index.php?rest_route=\/wp\/v2\/posts"}],"about":[{"href":"https:\/\/zonaroja.com.mx\/index.php?rest_route=\/wp\/v2\/types\/post"}],"author":[{"embeddable":true,"href":"https:\/\/zonaroja.com.mx\/index.php?rest_route=\/wp\/v2\/users\/2"}],"replies":[{"embeddable":true,"href":"https:\/\/zonaroja.com.mx\/index.php?rest_route=%2Fwp%2Fv2%2Fcomments&post=6350"}],"version-history":[{"count":1,"href":"https:\/\/zonaroja.com.mx\/index.php?rest_route=\/wp\/v2\/posts\/6350\/revisions"}],"predecessor-version":[{"id":6352,"href":"https:\/\/zonaroja.com.mx\/index.php?rest_route=\/wp\/v2\/posts\/6350\/revisions\/6352"}],"wp:featuredmedia":[{"embeddable":true,"href":"https:\/\/zonaroja.com.mx\/index.php?rest_route=\/wp\/v2\/media\/6351"}],"wp:attachment":[{"href":"https:\/\/zonaroja.com.mx\/index.php?rest_route=%2Fwp%2Fv2%2Fmedia&parent=6350"}],"wp:term":[{"taxonomy":"category","embeddable":true,"href":"https:\/\/zonaroja.com.mx\/index.php?rest_route=%2Fwp%2Fv2%2Fcategories&post=6350"},{"taxonomy":"post_tag","embeddable":true,"href":"https:\/\/zonaroja.com.mx\/index.php?rest_route=%2Fwp%2Fv2%2Ftags&post=6350"}],"curies":[{"name":"wp","href":"https:\/\/api.w.org\/{rel}","templated":true}]}}