{"id":63501,"date":"2023-12-23T09:00:00","date_gmt":"2023-12-23T15:00:00","guid":{"rendered":"http:\/\/www.zonaroja.com.mx\/?p=63501"},"modified":"2023-12-23T07:18:06","modified_gmt":"2023-12-23T13:18:06","slug":"dia-historico-regresa-el-tren-de-pasajeros-al-istmo-de-tehuantepec","status":"publish","type":"post","link":"https:\/\/zonaroja.com.mx\/?p=63501","title":{"rendered":"D\u00eda hist\u00f3rico: regresa el tren de pasajeros al Istmo de Tehuantepec"},"content":{"rendered":"\n<p>Redacci\u00f3n\/Zona Roja.<\/p>\n\n\n\n<p>Oaxaca de Ju\u00e1rez, Oax., a 23 de diciembre de 2023.- Con un lapso de ocho horas con nueve minutos, el tren de pasajeros recorri\u00f3 ayer los 308 kil\u00f3metros de Salina Cruz, Oaxaca, a Coatzacoalcos, Veracruz, en lo que fue un d\u00eda hist\u00f3rico para el sur-sureste de M\u00e9xico.<\/p>\n\n\n\n<p>El ferrocarril parti\u00f3 alrededor del mediod\u00eda desde la ciudad y puerto salinacrucense con el Presidente Andr\u00e9s Manuel L\u00f3pez Obrador; los gobernadores de Oaxaca, Salom\u00f3n Jara Cruz, y de Veracruz, Cuitl\u00e1huac Garc\u00eda, adem\u00e1s de unos 400 pasajeros.<\/p>\n\n\n\n<p>La uni\u00f3n de los oc\u00e9anos Atl\u00e1ntico y Pac\u00edfico es una realidad con el tren de pasajeros que recorre 308 kil\u00f3metros de l\u00edneas f\u00e9rreas desde Salina Cruz hasta Coatzacoalcos, Veracruz, asegur\u00f3 el Presidente de M\u00e9xico, ayer por la ma\u00f1ana.<\/p>\n\n\n\n<p>En Salina Cruz, L\u00f3pez Obrador rememor\u00f3 que desde hace cinco siglos se empez\u00f3 a explorar la posibilidad de crear un paso que uniera a los dos grandes oc\u00e9anos del mundo, el Pac\u00edfico con el Atl\u00e1ntico, hoy -dijo- se convierte en una oportunidad de desarrollo para el Istmo de Tehuantepec.<\/p>\n\n\n\n<p>\u201cEl Canal de Panam\u00e1 ya est\u00e1 saturado, no queremos competir con ellos, son un pueblo hermano, pero el comercio ha crecido mucho a nivel mundial, se trata de que haya otras opciones y posibilidades\u201d, expres\u00f3 ante el pueblo de Salina Cruz, pero tambi\u00e9n ante las personas invitadas como el empresario Carlos Slim.<\/p>\n\n\n\n<p>REGRESAR\u00c1 EL PROGRESO<\/p>\n\n\n\n<p>Regresar\u00e1, se\u00f1al\u00f3, el progreso a las comunidades de los estados que integran el Corredor Interoce\u00e1nico del Istmo de Tehuantepec (CIIT), adem\u00e1s de transformar la vida de las comunidades, una oportunidad arrebatada en el pasado.<\/p>\n\n\n\n<p>\u201cEs una etapa nueva, como en 1907 y queremos tener \u00e9xito, hay condiciones inmejorables para lograrlo y nada deseo m\u00e1s que florezca este proyecto y va a depender de todas y de todos nosotros, porque ya no es solo para nuestra generaci\u00f3n, sino para las generaciones venideras\u201d, destac\u00f3.<\/p>\n\n\n\n<p>Puntualiz\u00f3 que a unos meses de que concluya su administraci\u00f3n, tiene la satisfacci\u00f3n de haber concluido los proyectos estrat\u00e9gicos emprendidos en favor de las y los oaxaque\u00f1os.<\/p>\n\n\n\n<figure class=\"wp-block-image size-full\"><a href=\"http:\/\/www.zonaroja.com.mx\/wp-content\/uploads\/2023\/12\/Tren-Oaxaca-Istmo.jpg\" data-rel=\"penci-gallery-image-content\" ><img decoding=\"async\" width=\"1000\" height=\"614\" src=\"http:\/\/www.zonaroja.com.mx\/wp-content\/uploads\/2023\/12\/Tren-Oaxaca-Istmo.jpg\" alt=\"\" class=\"wp-image-63499\" srcset=\"https:\/\/zonaroja.com.mx\/wp-content\/uploads\/2023\/12\/Tren-Oaxaca-Istmo.jpg 1000w, https:\/\/zonaroja.com.mx\/wp-content\/uploads\/2023\/12\/Tren-Oaxaca-Istmo-300x184.jpg 300w, https:\/\/zonaroja.com.mx\/wp-content\/uploads\/2023\/12\/Tren-Oaxaca-Istmo-768x472.jpg 768w, https:\/\/zonaroja.com.mx\/wp-content\/uploads\/2023\/12\/Tren-Oaxaca-Istmo-585x359.jpg 585w\" sizes=\"(max-width: 1000px) 100vw, 1000px\" \/><\/a><\/figure>\n\n\n\n<p>\u201cMe voy con la dicha de conocer los 570 municipios de Oaxaca, uno de los pueblos con m\u00e1s cultura en el mundo\u201d, expres\u00f3.<\/p>\n\n\n\n<p>Dijo que ser\u00e1 la Secretar\u00eda de Marina la que administre todo el proyecto integral del Corredor Interoce\u00e1nico del Istmo. &nbsp;<\/p>\n\n\n\n<p>PROYECTO RELEVANTE<\/p>\n\n\n\n<p>En su oportunidad, el secretario de Marina, Almirante Jos\u00e9 Rafael Ojeda Dur\u00e1n destac\u00f3 la importancia estrat\u00e9gica del Istmo de Tehuantepec, dijo que el Gobierno de M\u00e9xico ha impulsado uno de los proyectos m\u00e1s importantes y significativos de este siglo, que cuenta con una log\u00edstica integral, incluyente y equitativa orientada a la econom\u00eda social y solidaria.<\/p>\n\n\n\n<p>\u201cSomos testigos del reinicio de operaciones de la L\u00ednea Z del Ferrocarril Interoce\u00e1nico del Istmo de Tehuantepec, comienza as\u00ed el servicio de pasajeros en nueve &nbsp;&nbsp;estaciones, con capacidad de transportar hasta 400 personas por tren, devolviendo con ello a la poblaci\u00f3n de esta regi\u00f3n un medio de transporte que forma parte de su historia, pero tambi\u00e9n de su identidad\u201d, expres\u00f3.<\/p>\n\n\n\n<p>Se destac\u00f3 que el Corredor Interoce\u00e1nico adem\u00e1s de conectar a los dos oc\u00e9anos instrumentar\u00e1 una plataforma log\u00edstica integral interconectada de casi mil 200 kil\u00f3metros de v\u00edas f\u00e9rreas para entrelazar los puertos de Salina Cruz, Coatzacoalcos, Puerto Chiapas y Dos Bocas.<\/p>\n\n\n\n<p>De manera previa, el Presidente de la Rep\u00fablica encabez\u00f3 la firma de convenios con diversas empresas, instituciones y el Gobierno de Portugal para ejecutar las inversiones en los parques industriales conocidos como Polos de Desarrollo para el Bienestar del Corredor del Istmo de Tehuantepec.<\/p>\n\n\n\n<p>Los convenios son: Acuerdo de Inversi\u00f3n de Desarrollo de Terminales Portuarias en Coatzacoalcos, Veracruz y Salina Cruz, Oaxaca; Concesi\u00f3n para los Polos de Desarrollo para el Bienestar, Coatzacoalcos 1, Coatzacoalcos 2 y Salina Cruz; Concesi\u00f3n del Polo de Desarrollo para el Bienestar de Texistepec y San Juan Evangelista y el Memor\u00e1ndum de Entendimiento entre el Gobierno de M\u00e9xico y el Fondo de Infraestructura de Copenhague para la instalaci\u00f3n de la empresa Helax Istmo, que tendr\u00e1 como objeto el desarrollo de energ\u00edas renovables a partir de hidr\u00f3geno verde y un Memor\u00e1ndum de Entendimiento entre el Gobierno de M\u00e9xico y el Gobierno de Portugal.<\/p>\n","protected":false},"excerpt":{"rendered":"<p>Redacci\u00f3n\/Zona Roja. Oaxaca de Ju\u00e1rez, Oax., a 23 de diciembre de 2023.- Con un lapso&hellip;<\/p>\n","protected":false},"author":2,"featured_media":63498,"comment_status":"closed","ping_status":"open","sticky":false,"template":"","format":"standard","meta":{"_lmt_disableupdate":"","_lmt_disable":"","_jetpack_memberships_contains_paid_content":false,"footnotes":""},"categories":[109,46],"tags":[143],"class_list":["post-63501","post","type-post","status-publish","format-standard","has-post-thumbnail","hentry","category-minuto-a-minuto","category-zona-blanca","tag-andres-manuel-lopez-obrador"],"jetpack_featured_media_url":"https:\/\/zonaroja.com.mx\/wp-content\/uploads\/2023\/12\/Inicia-Tren-Interoceanico.jpeg","jetpack_sharing_enabled":true,"_links":{"self":[{"href":"https:\/\/zonaroja.com.mx\/index.php?rest_route=\/wp\/v2\/posts\/63501","targetHints":{"allow":["GET"]}}],"collection":[{"href":"https:\/\/zonaroja.com.mx\/index.php?rest_route=\/wp\/v2\/posts"}],"about":[{"href":"https:\/\/zonaroja.com.mx\/index.php?rest_route=\/wp\/v2\/types\/post"}],"author":[{"embeddable":true,"href":"https:\/\/zonaroja.com.mx\/index.php?rest_route=\/wp\/v2\/users\/2"}],"replies":[{"embeddable":true,"href":"https:\/\/zonaroja.com.mx\/index.php?rest_route=%2Fwp%2Fv2%2Fcomments&post=63501"}],"version-history":[{"count":1,"href":"https:\/\/zonaroja.com.mx\/index.php?rest_route=\/wp\/v2\/posts\/63501\/revisions"}],"predecessor-version":[{"id":63502,"href":"https:\/\/zonaroja.com.mx\/index.php?rest_route=\/wp\/v2\/posts\/63501\/revisions\/63502"}],"wp:featuredmedia":[{"embeddable":true,"href":"https:\/\/zonaroja.com.mx\/index.php?rest_route=\/wp\/v2\/media\/63498"}],"wp:attachment":[{"href":"https:\/\/zonaroja.com.mx\/index.php?rest_route=%2Fwp%2Fv2%2Fmedia&parent=63501"}],"wp:term":[{"taxonomy":"category","embeddable":true,"href":"https:\/\/zonaroja.com.mx\/index.php?rest_route=%2Fwp%2Fv2%2Fcategories&post=63501"},{"taxonomy":"post_tag","embeddable":true,"href":"https:\/\/zonaroja.com.mx\/index.php?rest_route=%2Fwp%2Fv2%2Ftags&post=63501"}],"curies":[{"name":"wp","href":"https:\/\/api.w.org\/{rel}","templated":true}]}}