{"id":63516,"date":"2023-12-23T15:44:00","date_gmt":"2023-12-23T21:44:00","guid":{"rendered":"http:\/\/www.zonaroja.com.mx\/?p=63516"},"modified":"2023-12-23T07:50:45","modified_gmt":"2023-12-23T13:50:45","slug":"reconocen-con-premio-estatal-al-talento-cientifico-oaxaqueno","status":"publish","type":"post","link":"https:\/\/zonaroja.com.mx\/?p=63516","title":{"rendered":"Reconocen con premio estatal al talento cient\u00edfico oaxaque\u00f1o"},"content":{"rendered":"\n<p>Redacci\u00f3n\/Zona Roja.&nbsp;<\/p>\n\n\n\n<p>Oaxaca de Ju\u00e1rez, Oax., a 23 de diciembre de 2023.- El CEO de Corporativo Red Osmo, V\u00edctor Boh\u00f3rquez, patrocin\u00f3 por segundo a\u00f1o consecutivo un viaje a un congreso internacional para los ganadores del primer lugar.<\/p>\n\n\n\n<p>\u00abReconozco a todos los participantes y felicito especialmente a las ganadoras. Todos ellos muestran un compromiso excepcional con la investigaci\u00f3n y la salud en Oaxaca\u00bb, expres\u00f3.<\/p>\n\n\n\n<p>Victor Boh\u00f3rquez se congratul\u00f3 por el impulso al desarrollo cient\u00edfico y afirm\u00f3: \u00abcontinuaremos respaldando el talento oaxaque\u00f1o y sus proyectos en beneficio de la comunidad\u201d.<\/p>\n\n\n\n<p>En la d\u00e9cima edici\u00f3n de este galard\u00f3n, participaron 65 especialistas que se inscribieron en la convocatoria lanzada el pasado 17 de agosto.<\/p>\n\n\n\n<p>Evaluados por un grupo de 30 expertos a nivel estatal, nacional e internacional, incluyendo pa\u00edses como Finlandia, Estados Unidos y M\u00e9xico, as\u00ed como representantes de la Universidad Nacional Aut\u00f3noma de M\u00e9xico y diversas instituciones, se obtuvieron dos primeros lugares, uno en cada categor\u00eda.<\/p>\n\n\n\n<p>En la categor\u00eda de Salud P\u00fablica, el primer lugar lo obtuvo Araceli Guerra Mart\u00ednez del Instituto Tecnol\u00f3gico de Oaxaca por el Protocolo \u00abAn\u00e1lisis de Condici\u00f3n Post Covid-19 en zapotecas del Istmo de Tehuantepec, Oaxaca\u00bb.<\/p>\n\n\n\n<p>En la categor\u00eda Cl\u00ednica, las ganadoras fueron Cecilia Zertuche Mart\u00ednez de la Universidad Aut\u00f3noma Benito Ju\u00e1rez de Oaxaca y Ver\u00f3nica Roc\u00edo V\u00e1squez Garz\u00f3n del Cinvestav, por el protocolo \u00abValidaci\u00f3n de la prote\u00edna ABCC3 como marcador temprano de c\u00e1ncer de h\u00edgado\u00bb.<\/p>\n\n\n\n<p>Ambas categor\u00edas recibieron un premio econ\u00f3mico de 20 mil pesos y la oportunidad de asistir a un congreso internacional, este \u00faltimo como parte de las actividades altruistas patrocinadas por parte del Corporativo Red Osmo.<\/p>\n\n\n\n<p>La entrega de estos reconocimientos cont\u00f3 con la presencia de la Secretaria de Salud, Alma Lilia Velasco Hern\u00e1ndez, y el encargado de la Jefatura de Gabinete, Flavio Sosa Villavicencio, en representaci\u00f3n del gobernador Salom\u00f3n Jara.<\/p>\n","protected":false},"excerpt":{"rendered":"<p>Redacci\u00f3n\/Zona Roja.&nbsp; Oaxaca de Ju\u00e1rez, Oax., a 23 de diciembre de 2023.- El CEO de&hellip;<\/p>\n","protected":false},"author":2,"featured_media":63517,"comment_status":"closed","ping_status":"open","sticky":false,"template":"","format":"standard","meta":{"_lmt_disableupdate":"","_lmt_disable":"","_jetpack_memberships_contains_paid_content":false,"footnotes":""},"categories":[109,46],"tags":[3100],"class_list":["post-63516","post","type-post","status-publish","format-standard","has-post-thumbnail","hentry","category-minuto-a-minuto","category-zona-blanca","tag-red-osmo-oaxaca"],"jetpack_featured_media_url":"https:\/\/zonaroja.com.mx\/wp-content\/uploads\/2023\/12\/Red-Osmo-Impulsa-la-Investigacion-en-Salud-2.jpg","jetpack_sharing_enabled":true,"_links":{"self":[{"href":"https:\/\/zonaroja.com.mx\/index.php?rest_route=\/wp\/v2\/posts\/63516","targetHints":{"allow":["GET"]}}],"collection":[{"href":"https:\/\/zonaroja.com.mx\/index.php?rest_route=\/wp\/v2\/posts"}],"about":[{"href":"https:\/\/zonaroja.com.mx\/index.php?rest_route=\/wp\/v2\/types\/post"}],"author":[{"embeddable":true,"href":"https:\/\/zonaroja.com.mx\/index.php?rest_route=\/wp\/v2\/users\/2"}],"replies":[{"embeddable":true,"href":"https:\/\/zonaroja.com.mx\/index.php?rest_route=%2Fwp%2Fv2%2Fcomments&post=63516"}],"version-history":[{"count":1,"href":"https:\/\/zonaroja.com.mx\/index.php?rest_route=\/wp\/v2\/posts\/63516\/revisions"}],"predecessor-version":[{"id":63518,"href":"https:\/\/zonaroja.com.mx\/index.php?rest_route=\/wp\/v2\/posts\/63516\/revisions\/63518"}],"wp:featuredmedia":[{"embeddable":true,"href":"https:\/\/zonaroja.com.mx\/index.php?rest_route=\/wp\/v2\/media\/63517"}],"wp:attachment":[{"href":"https:\/\/zonaroja.com.mx\/index.php?rest_route=%2Fwp%2Fv2%2Fmedia&parent=63516"}],"wp:term":[{"taxonomy":"category","embeddable":true,"href":"https:\/\/zonaroja.com.mx\/index.php?rest_route=%2Fwp%2Fv2%2Fcategories&post=63516"},{"taxonomy":"post_tag","embeddable":true,"href":"https:\/\/zonaroja.com.mx\/index.php?rest_route=%2Fwp%2Fv2%2Ftags&post=63516"}],"curies":[{"name":"wp","href":"https:\/\/api.w.org\/{rel}","templated":true}]}}