{"id":63520,"date":"2023-12-24T09:00:00","date_gmt":"2023-12-24T15:00:00","guid":{"rendered":"http:\/\/www.zonaroja.com.mx\/?p=63520"},"modified":"2023-12-23T21:41:24","modified_gmt":"2023-12-24T03:41:24","slug":"ferrocarril-del-istmo-no-es-prioridad-para-los-pueblos-ucizoni","status":"publish","type":"post","link":"https:\/\/zonaroja.com.mx\/?p=63520","title":{"rendered":"Ferrocarril del Istmo no es prioridad para los pueblos: Ucizoni"},"content":{"rendered":"\n<p>Raymundo Morales\/Zona Roja.<\/p>\n\n\n\n<p>Oaxaca de Ju\u00e1rez, Oax., a 24 de diciembre de 2023.- Tras la inauguraci\u00f3n del tren de Salina Cruz, Oaxaca, a Coatzacoalcos, Veracruz, la Uni\u00f3n de Comunidades Ind\u00edgenas de la Zona Norte del Istmo reiter\u00f3 que mantiene su resistencia al proyecto y que \u00e9ste no es prioridad para los pueblos de la zona.<\/p>\n\n\n\n<p>En un comunicado emitido en el marco del acto que encabezaron ayer el Presidente Andr\u00e9s Manuel L\u00f3pez Obrador y el mandatario Salom\u00f3n Jara Cruz, expuso que \u201chay malestar de diferentes comunidades que sufrieron y sufren atropellos en sus derechos y compromisos incumplidos por parte de las autoridades\u201d.<\/p>\n\n\n\n<p>En ese sentido, la organizaci\u00f3n social record\u00f3 que hay 44 campesinos y activistas sujetos a procesos penales por defender su patrimonio, quienes fueron detenidos por elementos de la Secretar\u00eda de Marina.<\/p>\n\n\n\n<p>\u201cLa Ucizoni exige sean respetados los derechos de los vecinos de Jes\u00fas Carranza, Veracruz, y de Rinc\u00f3n Viejo, Petapa, Oaxaca, que est\u00e1n siendo amenazados por los marinos con ser desalojados de sus viviendas\u201d.<\/p>\n\n\n\n<p>\u201cDeclara que el ferrocarril del Istmo de Tehuantepec no es prioridad para los pueblos del Istmo, ya que carecemos de atenci\u00f3n m\u00e9dica de calidad, agua potable, universidades y de otros servicios\u201d, expuso en su comunicado.<\/p>\n\n\n\n<p>Detall\u00f3 que este megaproyecto s\u00f3lo es prioridad de las grandes empresas trasnacionales, que ante la crisis que atraviesa el Canal de Panam\u00e1, est\u00e1n urgindas de nuevos corredores interoce\u00e1nicos.<\/p>\n\n\n\n<p>Por ello demand\u00f3 a los gobiernos federal y estatal atenci\u00f3n seria a los reclamos y demandas de los pueblos, as\u00ed como el cese inmediato al hostigamiento y la represi\u00f3n.<\/p>\n","protected":false},"excerpt":{"rendered":"<p>Raymundo Morales\/Zona Roja. Oaxaca de Ju\u00e1rez, Oax., a 24 de diciembre de 2023.- Tras la&hellip;<\/p>\n","protected":false},"author":2,"featured_media":62311,"comment_status":"closed","ping_status":"open","sticky":false,"template":"","format":"standard","meta":{"_lmt_disableupdate":"","_lmt_disable":"","_jetpack_memberships_contains_paid_content":false,"footnotes":""},"categories":[109,47],"tags":[3172],"class_list":["post-63520","post","type-post","status-publish","format-standard","has-post-thumbnail","hentry","category-minuto-a-minuto","category-zona-gris","tag-union-de-comunidades-indigenas-de-la-zona-norte-del-istmo-ucizoni"],"jetpack_featured_media_url":"https:\/\/zonaroja.com.mx\/wp-content\/uploads\/2023\/11\/Protesta-oposicion-Corredor-Interoceanico-1.jpg","jetpack_sharing_enabled":true,"_links":{"self":[{"href":"https:\/\/zonaroja.com.mx\/index.php?rest_route=\/wp\/v2\/posts\/63520","targetHints":{"allow":["GET"]}}],"collection":[{"href":"https:\/\/zonaroja.com.mx\/index.php?rest_route=\/wp\/v2\/posts"}],"about":[{"href":"https:\/\/zonaroja.com.mx\/index.php?rest_route=\/wp\/v2\/types\/post"}],"author":[{"embeddable":true,"href":"https:\/\/zonaroja.com.mx\/index.php?rest_route=\/wp\/v2\/users\/2"}],"replies":[{"embeddable":true,"href":"https:\/\/zonaroja.com.mx\/index.php?rest_route=%2Fwp%2Fv2%2Fcomments&post=63520"}],"version-history":[{"count":2,"href":"https:\/\/zonaroja.com.mx\/index.php?rest_route=\/wp\/v2\/posts\/63520\/revisions"}],"predecessor-version":[{"id":63531,"href":"https:\/\/zonaroja.com.mx\/index.php?rest_route=\/wp\/v2\/posts\/63520\/revisions\/63531"}],"wp:featuredmedia":[{"embeddable":true,"href":"https:\/\/zonaroja.com.mx\/index.php?rest_route=\/wp\/v2\/media\/62311"}],"wp:attachment":[{"href":"https:\/\/zonaroja.com.mx\/index.php?rest_route=%2Fwp%2Fv2%2Fmedia&parent=63520"}],"wp:term":[{"taxonomy":"category","embeddable":true,"href":"https:\/\/zonaroja.com.mx\/index.php?rest_route=%2Fwp%2Fv2%2Fcategories&post=63520"},{"taxonomy":"post_tag","embeddable":true,"href":"https:\/\/zonaroja.com.mx\/index.php?rest_route=%2Fwp%2Fv2%2Ftags&post=63520"}],"curies":[{"name":"wp","href":"https:\/\/api.w.org\/{rel}","templated":true}]}}