{"id":63522,"date":"2023-12-23T16:36:00","date_gmt":"2023-12-23T22:36:00","guid":{"rendered":"http:\/\/www.zonaroja.com.mx\/?p=63522"},"modified":"2023-12-23T14:39:55","modified_gmt":"2023-12-23T20:39:55","slug":"disturbios-en-tabasco-dejan-2-muertos-y-16-vehiculos-quemados","status":"publish","type":"post","link":"https:\/\/zonaroja.com.mx\/?p=63522","title":{"rendered":"Disturbios en Tabasco dejan 2 muertos y 16 veh\u00edculos quemados"},"content":{"rendered":"\n<p>Redacci\u00f3n\/Zona Roja Cdmx.<\/p>\n\n\n\n<p>Ciudad de M\u00e9xico, a 23 de diciembre de 2023.- El secretario de Seguridad P\u00fablica y Protecci\u00f3n Ciudadana de Tabasco, Hern\u00e1n Berm\u00fadez Requena, inform\u00f3 esta ma\u00f1ana que respecto a los hechos ocurridos cerca de la media noche y primeras horas de hoy se registraron dos muertos y tres heridos, as\u00ed como 16 veh\u00edculos quemados y ning\u00fan detenido.<\/p>\n\n\n\n<p>Afirm\u00f3 que ya est\u00e1 restablecida la paz y garantizada la seguridad en el estado y as\u00ed continuar\u00e1 en los d\u00edas siguientes.<\/p>\n\n\n\n<p>\u201cHabr\u00e1 una Nochebuena tranquila para todas las familias\u201d, se\u00f1al\u00f3 en entrevista con un noticiero de radio, pues dijo que se trabaja de manera coordinada con la Secretar\u00eda de la Defensa Nacional, Guardia Nacional, Secretar\u00eda de Marina, Fiscal\u00eda General del Estado y la Direcci\u00f3n de Seguridad P\u00fablica en los municipios.<\/p>\n\n\n\n<p>En este sentido, se\u00f1al\u00f3 que se logr\u00f3 el control de la seguridad p\u00fablica en los municipios y en el Creset, donde se presentaron disturbios y se\u00f1al\u00f3 que \u201cla quema y protesta en el penal dej\u00f3 un fallecido\u201d, as\u00ed como otro en la c\u00e1rcel del municipio de Huimanguillo.<\/p>\n\n\n\n<p>El funcionario descart\u00f3 que las acciones provengan de alg\u00fan c\u00e1rtel en espec\u00edfico, pues se\u00f1al\u00f3 que \u201cno fue un c\u00e1rtel\u201d.<\/p>\n\n\n\n<p>(Informaci\u00f3n de \u201cLa Jornada\u201d)<\/p>\n","protected":false},"excerpt":{"rendered":"<p>Redacci\u00f3n\/Zona Roja Cdmx. Ciudad de M\u00e9xico, a 23 de diciembre de 2023.- El secretario de&hellip;<\/p>\n","protected":false},"author":2,"featured_media":63523,"comment_status":"closed","ping_status":"open","sticky":false,"template":"","format":"standard","meta":{"_lmt_disableupdate":"","_lmt_disable":"","_jetpack_memberships_contains_paid_content":false,"footnotes":""},"categories":[109,51],"tags":[717,1746],"class_list":["post-63522","post","type-post","status-publish","format-standard","has-post-thumbnail","hentry","category-minuto-a-minuto","category-zona-roja","tag-tabasco","tag-violencia-en-mexico"],"jetpack_featured_media_url":"https:\/\/zonaroja.com.mx\/wp-content\/uploads\/2023\/12\/Incendios-y-violencia-Tabasco.jpeg","jetpack_sharing_enabled":true,"_links":{"self":[{"href":"https:\/\/zonaroja.com.mx\/index.php?rest_route=\/wp\/v2\/posts\/63522","targetHints":{"allow":["GET"]}}],"collection":[{"href":"https:\/\/zonaroja.com.mx\/index.php?rest_route=\/wp\/v2\/posts"}],"about":[{"href":"https:\/\/zonaroja.com.mx\/index.php?rest_route=\/wp\/v2\/types\/post"}],"author":[{"embeddable":true,"href":"https:\/\/zonaroja.com.mx\/index.php?rest_route=\/wp\/v2\/users\/2"}],"replies":[{"embeddable":true,"href":"https:\/\/zonaroja.com.mx\/index.php?rest_route=%2Fwp%2Fv2%2Fcomments&post=63522"}],"version-history":[{"count":1,"href":"https:\/\/zonaroja.com.mx\/index.php?rest_route=\/wp\/v2\/posts\/63522\/revisions"}],"predecessor-version":[{"id":63524,"href":"https:\/\/zonaroja.com.mx\/index.php?rest_route=\/wp\/v2\/posts\/63522\/revisions\/63524"}],"wp:featuredmedia":[{"embeddable":true,"href":"https:\/\/zonaroja.com.mx\/index.php?rest_route=\/wp\/v2\/media\/63523"}],"wp:attachment":[{"href":"https:\/\/zonaroja.com.mx\/index.php?rest_route=%2Fwp%2Fv2%2Fmedia&parent=63522"}],"wp:term":[{"taxonomy":"category","embeddable":true,"href":"https:\/\/zonaroja.com.mx\/index.php?rest_route=%2Fwp%2Fv2%2Fcategories&post=63522"},{"taxonomy":"post_tag","embeddable":true,"href":"https:\/\/zonaroja.com.mx\/index.php?rest_route=%2Fwp%2Fv2%2Ftags&post=63522"}],"curies":[{"name":"wp","href":"https:\/\/api.w.org\/{rel}","templated":true}]}}