{"id":63525,"date":"2023-12-23T15:06:12","date_gmt":"2023-12-23T21:06:12","guid":{"rendered":"http:\/\/www.zonaroja.com.mx\/?p=63525"},"modified":"2023-12-23T15:06:13","modified_gmt":"2023-12-23T21:06:13","slug":"la-noche-de-rabanos-ya-es-patrimonio-cultural-de-oaxaca","status":"publish","type":"post","link":"https:\/\/zonaroja.com.mx\/?p=63525","title":{"rendered":"La Noche de R\u00e1banos ya es Patrimonio Cultural de Oaxaca"},"content":{"rendered":"\n<p>Redacci\u00f3n\/Zona Roja.<\/p>\n\n\n\n<p>Oaxaca de Ju\u00e1rez, Oax., a 23 de diciembre de 2023.- Como una medida de protecci\u00f3n a la festividad tradicional realizada desde el siglo XIX, la Noche de R\u00e1banos, fue declarada Patrimonio Cultural de Oaxaca.&nbsp;<\/p>\n\n\n\n<p>El 5 de julio de este 2023, el Pleno de la LXV Legislatura del Congreso local, aprob\u00f3 el decreto por el cual se reconoce esta declaratoria, mismo que fue emitido por la Comisi\u00f3n Permanente de Culturas, Artes, Juventud, Cultura F\u00edsica y Deporte.<\/p>\n\n\n\n<p>Este decreto, impulsado por el diputado Sesul Bola\u00f1os L\u00f3pez, presidente de la comisi\u00f3n, solicit\u00f3 la declaratoria de patrimonio cultural de Oaxaca a esta tradici\u00f3n, la cual se celebra en la capital del estado cada 23 de diciembre desde el a\u00f1o 1897.<\/p>\n\n\n\n<p>Y este s\u00e1bado 23 de diciembre de 2023, el legislador entregar\u00e1 al gobierno estatal y al municipio de Oaxaca de Ju\u00e1rez el decreto de dicha declaratoria.&nbsp;<\/p>\n\n\n\n<p>Esta festividad navide\u00f1a de mayor importancia para las y los oaxaque\u00f1os, consiste en crear y exhibir figuras realizadas con r\u00e1banos.&nbsp;<\/p>\n\n\n\n<p>La celebraci\u00f3n tiene sus ra\u00edces en la \u00e9poca de la conquista espa\u00f1ola, cuando los frailes dominicos ense\u00f1aron a los zapotecos y mixtecos el cultivo de flores y hortalizas, tra\u00eddas de Espa\u00f1a. As\u00ed se fund\u00f3 el pueblo de Trinidad de las Huertas de las Nabor\u00edas, cuyos habitantes se dedicaron a esta actividad.<\/p>\n\n\n\n<p>Es importante resaltar que esta festividad tambi\u00e9n influye en el desarrollo econ\u00f3mico de las y los oaxaque\u00f1os, puesto que es una importante derrama econ\u00f3mica, misma que se lleva a cabo en la ciudad de Oaxaca de Ju\u00e1rez, dentro del periodo vacacional decembrino.<\/p>\n\n\n\n<p>Esta tradici\u00f3n tambi\u00e9n toma en cuenta a la infancia oaxaque\u00f1a ya que, desde el a\u00f1o de 1996, ni\u00f1as y ni\u00f1os de entre seis y 12 a\u00f1os participan en esta actividad en casi todo su proceso, pues cosechan, seleccionan y elaboran figuras con este tub\u00e9rculo para el concurso en su categor\u00eda infantil.&nbsp;<\/p>\n\n\n\n<p>\u00abCabe destacar, que la preservaci\u00f3n de esta tradici\u00f3n con m\u00e1s de un siglo de historia depende de que las nuevas generaciones aprendan el oficio y la sigan llevando a cabo\u00bb, expuso el diputado.&nbsp;<\/p>\n\n\n\n<p>\u201cEs tarea indispensable de nosotros como oaxaque\u00f1os, cuidar y preservar las tradiciones, la cultura y sobre todo, lo que representa para nuestro estado, por lo que a nombre de la Comisi\u00f3n Permanente de Culturas, Artes, Juventud, Cultura F\u00edsica y Deporte, quiero darle las gracias a las y los diputados por poderle otorgar a la ciudad de Oaxaca esta declaratoria en donde podemos reconocer el trabajo de las y los hortelanos, y sobre todo, reconocer una de las mayores tradiciones del estado\u201d, expres\u00f3 el legislador Sesul Bola\u00f1os L\u00f3pez.<\/p>\n","protected":false},"excerpt":{"rendered":"<p>Redacci\u00f3n\/Zona Roja. Oaxaca de Ju\u00e1rez, Oax., a 23 de diciembre de 2023.- Como una medida&hellip;<\/p>\n","protected":false},"author":2,"featured_media":63526,"comment_status":"closed","ping_status":"open","sticky":false,"template":"","format":"standard","meta":{"_lmt_disableupdate":"","_lmt_disable":"","_jetpack_memberships_contains_paid_content":false,"footnotes":""},"categories":[109,46],"tags":[2743],"class_list":["post-63525","post","type-post","status-publish","format-standard","has-post-thumbnail","hentry","category-minuto-a-minuto","category-zona-blanca","tag-65-legislatura-del-estado-de-oaxaca"],"jetpack_featured_media_url":"https:\/\/zonaroja.com.mx\/wp-content\/uploads\/2023\/12\/Noche-de-Rabanos-Oaxaca.jpg","jetpack_sharing_enabled":true,"_links":{"self":[{"href":"https:\/\/zonaroja.com.mx\/index.php?rest_route=\/wp\/v2\/posts\/63525","targetHints":{"allow":["GET"]}}],"collection":[{"href":"https:\/\/zonaroja.com.mx\/index.php?rest_route=\/wp\/v2\/posts"}],"about":[{"href":"https:\/\/zonaroja.com.mx\/index.php?rest_route=\/wp\/v2\/types\/post"}],"author":[{"embeddable":true,"href":"https:\/\/zonaroja.com.mx\/index.php?rest_route=\/wp\/v2\/users\/2"}],"replies":[{"embeddable":true,"href":"https:\/\/zonaroja.com.mx\/index.php?rest_route=%2Fwp%2Fv2%2Fcomments&post=63525"}],"version-history":[{"count":1,"href":"https:\/\/zonaroja.com.mx\/index.php?rest_route=\/wp\/v2\/posts\/63525\/revisions"}],"predecessor-version":[{"id":63527,"href":"https:\/\/zonaroja.com.mx\/index.php?rest_route=\/wp\/v2\/posts\/63525\/revisions\/63527"}],"wp:featuredmedia":[{"embeddable":true,"href":"https:\/\/zonaroja.com.mx\/index.php?rest_route=\/wp\/v2\/media\/63526"}],"wp:attachment":[{"href":"https:\/\/zonaroja.com.mx\/index.php?rest_route=%2Fwp%2Fv2%2Fmedia&parent=63525"}],"wp:term":[{"taxonomy":"category","embeddable":true,"href":"https:\/\/zonaroja.com.mx\/index.php?rest_route=%2Fwp%2Fv2%2Fcategories&post=63525"},{"taxonomy":"post_tag","embeddable":true,"href":"https:\/\/zonaroja.com.mx\/index.php?rest_route=%2Fwp%2Fv2%2Ftags&post=63525"}],"curies":[{"name":"wp","href":"https:\/\/api.w.org\/{rel}","templated":true}]}}