{"id":63528,"date":"2023-12-23T21:40:14","date_gmt":"2023-12-24T03:40:14","guid":{"rendered":"http:\/\/www.zonaroja.com.mx\/?p=63528"},"modified":"2023-12-23T21:40:16","modified_gmt":"2023-12-24T03:40:16","slug":"celebra-oaxaca-126-anos-de-magica-tradicion-de-noche-de-rabanos","status":"publish","type":"post","link":"https:\/\/zonaroja.com.mx\/?p=63528","title":{"rendered":"Celebra Oaxaca 126 a\u00f1os de m\u00e1gica tradici\u00f3n de Noche de R\u00e1banos"},"content":{"rendered":"\n<p>Yuridiana Sosa\/Zona Roja.<\/p>\n\n\n\n<p>Oaxaca de Ju\u00e1rez, Oax., a 23 de diciembre de 2023.-La imaginaci\u00f3n de los artistas oaxaque\u00f1os se hizo realidad por medio de inigualables figuras r\u00e1banos.<\/p>\n\n\n\n<p>Desde los incre\u00edbles y populares alebrijes,&nbsp;hasta la representaci\u00f3n detallada de costumbres y tradiciones estuvieron presentes una vez m\u00e1s para celebrar los 126 a\u00f1os de la Noche de R\u00e1banos de Oaxaca, festival \u00fanico en el mundo, en v\u00edsperas de la Noche Buena.<\/p>\n\n\n\n<p>El z\u00f3calo luci\u00f3 abarrotado por turistas nacionales, extranjeros y locales que desde varias horas antes del inicio de la exposici\u00f3n y concurso hicieron largas filas para el ingreso al recorrido instalado en la Plaza de Armas de la ciudad capital.<\/p>\n\n\n\n<p>La noche fue de fiesta, de algarab\u00eda y de admiraci\u00f3n ante las diversas figuras de r\u00e1banos y de hojas de totomoxtle \u2013ma\u00edz- y de flor inmortal que tambi\u00e9n forma parte de la convocatoria en la que no solo participan artistas, hortelanos y floricultores con experiencia, sino tambi\u00e9n familias y personas que quieren vivir la experiencia de esta actividad.<\/p>\n\n\n\n<p>Pues si algo distingue a los oaxaque\u00f1os ante el mundo, es que saben convertir lo ordinario en algo extraordinario.<\/p>\n\n\n\n<p>El fr\u00edo no merm\u00f3 el \u00e1nimo de los asistentes a la festividad; por el contrario, aviv\u00f3 el sentir de las fiestas decembrinas, que de manera p\u00fablica encabez\u00f3 por segundo a\u00f1o &nbsp;el gobernador Salom\u00f3n Jara Cruz.<\/p>\n\n\n\n<p>LOS GANADORES<\/p>\n\n\n\n<p>Tras el recorrido y luego de las calificaciones del jurado, en el Palacio de Gobierno se entregaron los galardones a los mejores trabajos:<\/p>\n\n\n\n<p>En la modalidad Figuras de totomotxle, en la categor\u00eda Totomoxtle decorado, el primer lugar lo obtuvo Mois\u00e9s Ruiz Sosa con la obra \u201cCunes del palo de obo\u201d, Putla Villa de Guerrero, Oaxaca; en la categor\u00eda Totomoxtle natural el primer lugar fue para Eva V\u00e1squez Clemente, con la obra \u201cPaseo de la Virgen de la Soledad en el mar de Puerto Escondido\u201d.&nbsp;<\/p>\n\n\n\n<p>En la modalidad Figuras de flor inmortal en la categor\u00eda \u00fanica, el primer lugar fue para Marcos \u00c1lvaro Canseco P\u00e9rez con la obra \u201cQuema de castillo en la cuelga en honor al Se\u00f1or de la Sacrist\u00eda en San Antonino Castillo Velasco\u201d.&nbsp;<\/p>\n\n\n\n<p>En la modalidad Figuras de r\u00e1banos en la categor\u00eda infantil A, el primer lugar fue para Frida Sina\u00ed V\u00e1squez Pedro con la obra \u201cMi arbolito y alebrije m\u00e1gico\u201d; categor\u00eda infantil B, lo obtuvo Rosario Ramos M\u00e9ndez con la obra \u201cLa Reyna de Oaxaca, La Soledad\u201d y categor\u00eda juvenil \u00fanica para Felipe Sebasti\u00e1n Jim\u00e9nez Amador con \u201cEl majestuoso caballo alado (El gran Pegaso)\u201d.&nbsp;<\/p>\n\n\n\n<p>En la categor\u00eda libre, el primer lugar lo obtuvo Ren\u00e9 Williams Hern\u00e1ndez V\u00e1squez con \u201cEl gran monstruo de la destrucci\u00f3n\u201d y en la categor\u00eda Tradicional con la obra \u201cAntes era un Tianguis, hoy noche de r\u00e1banos (donde se vend\u00eda lechuga, pescado y r\u00e1bano para la vigilia del 24 de diciembre)\u201d, Seraf\u00edn Florencio Mu\u00f1oz, obtuvo el primer lugar.&nbsp;<\/p>\n\n\n\n<p>NI\u00d1OS, MANOS A LA OBRA<\/p>\n\n\n\n<p>Desde hace varios a\u00f1os, los ni\u00f1os y ni\u00f1as oaxaque\u00f1os son parte de esta tradici\u00f3n con creaciones propias, con el fin de sembrar en ellos el amor por esta fiesta de m\u00e1s de un siglo.<\/p>\n\n\n\n<p>Desde este 22 de diciembre 45 menores de edad, de diversos municipios de los Valles Centrales, cosecharon sus r\u00e1banos y comenzaron a tallar sus piezas con el apoyo de maestros y expertos en colaboraci\u00f3n con el ayuntamiento de Oaxaca de Ju\u00e1rez, el cual organiza el taller.<\/p>\n\n\n\n<p>Desde muy temprano de hoy, cerca de las 7:00 horas, los peque\u00f1os concluyeron sus piezas que esta noche fueron parte de la exhibici\u00f3n y concurso.<\/p>\n\n\n\n<p>Ser parte de esta festividad fue motivo de alegr\u00eda y emoci\u00f3n para los ni\u00f1os y ni\u00f1as, especialmente para los que participan por primera vez, e invitaron a m\u00e1s peque\u00f1os a integrarse a esta actividad.<\/p>\n","protected":false},"excerpt":{"rendered":"<p>Yuridiana Sosa\/Zona Roja. Oaxaca de Ju\u00e1rez, Oax., a 23 de diciembre de 2023.-La imaginaci\u00f3n de&hellip;<\/p>\n","protected":false},"author":2,"featured_media":63529,"comment_status":"closed","ping_status":"open","sticky":false,"template":"","format":"standard","meta":{"_lmt_disableupdate":"","_lmt_disable":"","_jetpack_memberships_contains_paid_content":false,"footnotes":""},"categories":[109,46],"tags":[2977],"class_list":["post-63528","post","type-post","status-publish","format-standard","has-post-thumbnail","hentry","category-minuto-a-minuto","category-zona-blanca","tag-noche-de-rabanos-oaxaca"],"jetpack_featured_media_url":"https:\/\/zonaroja.com.mx\/wp-content\/uploads\/2023\/12\/Noche-de-rabanos-Oaxaca-1.jpg","jetpack_sharing_enabled":true,"_links":{"self":[{"href":"https:\/\/zonaroja.com.mx\/index.php?rest_route=\/wp\/v2\/posts\/63528","targetHints":{"allow":["GET"]}}],"collection":[{"href":"https:\/\/zonaroja.com.mx\/index.php?rest_route=\/wp\/v2\/posts"}],"about":[{"href":"https:\/\/zonaroja.com.mx\/index.php?rest_route=\/wp\/v2\/types\/post"}],"author":[{"embeddable":true,"href":"https:\/\/zonaroja.com.mx\/index.php?rest_route=\/wp\/v2\/users\/2"}],"replies":[{"embeddable":true,"href":"https:\/\/zonaroja.com.mx\/index.php?rest_route=%2Fwp%2Fv2%2Fcomments&post=63528"}],"version-history":[{"count":1,"href":"https:\/\/zonaroja.com.mx\/index.php?rest_route=\/wp\/v2\/posts\/63528\/revisions"}],"predecessor-version":[{"id":63530,"href":"https:\/\/zonaroja.com.mx\/index.php?rest_route=\/wp\/v2\/posts\/63528\/revisions\/63530"}],"wp:featuredmedia":[{"embeddable":true,"href":"https:\/\/zonaroja.com.mx\/index.php?rest_route=\/wp\/v2\/media\/63529"}],"wp:attachment":[{"href":"https:\/\/zonaroja.com.mx\/index.php?rest_route=%2Fwp%2Fv2%2Fmedia&parent=63528"}],"wp:term":[{"taxonomy":"category","embeddable":true,"href":"https:\/\/zonaroja.com.mx\/index.php?rest_route=%2Fwp%2Fv2%2Fcategories&post=63528"},{"taxonomy":"post_tag","embeddable":true,"href":"https:\/\/zonaroja.com.mx\/index.php?rest_route=%2Fwp%2Fv2%2Ftags&post=63528"}],"curies":[{"name":"wp","href":"https:\/\/api.w.org\/{rel}","templated":true}]}}