{"id":6353,"date":"2019-12-04T20:45:42","date_gmt":"2019-12-05T02:45:42","guid":{"rendered":"http:\/\/www.zonaroja.com.mx\/?p=6353"},"modified":"2019-12-04T21:12:06","modified_gmt":"2019-12-05T03:12:06","slug":"ante-desatencion-de-gobierno-yaitepec-va-a-la-cdmx-en-busca-de-justicia","status":"publish","type":"post","link":"https:\/\/zonaroja.com.mx\/?p=6353","title":{"rendered":"Ante desatenci\u00f3n de gobierno, Yaitepec va a la Cdmx en busca de justicia"},"content":{"rendered":"\n<p>Ismael Garc\u00eda M.\/Zona Roja.<\/p>\n\n\n\n<p>Oaxaca de Ju\u00e1rez, Oax., 4 de diciembre\nde 2019.- Tras la desatenci\u00f3n del gobierno de Oaxaca, al menos unas 200\npersonas de Santiago Yaitepec, en su mayor\u00eda mujeres e ind\u00edgenas chatinas,\npartieron esta noche a la Ciudad de M\u00e9xico, en busca de justicia con instancias\nfederales.<\/p>\n\n\n\n<p>Los manifestantes llegaron alrededor\ndel mediod\u00eda de hoy en caravana a la sede de la Defensor\u00eda de los Derechos\nHumanos del Pueblo de Oaxaca (DDHPO), a fin de interponer sus quejas por\nviolaciones a sus garant\u00edas, durante los desalojos violentos efectuados por la\nPolic\u00eda Estatal y la Guardia Nacional, el 30 de noviembre y 1 de diciembre\nanterior.<\/p>\n\n\n\n<p>En ese contexto, una de sus representantes, Leticia Santiago Guzm\u00e1n, desminti\u00f3 al gobernador Alejandro Murat y al fiscal Rub\u00e9n Vasconcelos acerca de la muerte de la se\u00f1ora Maximina, que seg\u00fan los funcionarios fue por causas naturales y un d\u00eda antes del desalojo en el paraje \u00abEl Pedimento\u00bb, en disputa con Santa Catarina Juquila.<\/p>\n\n\n\n<figure class=\"wp-block-embed-twitter wp-block-embed is-type-rich is-provider-twitter\"><div class=\"wp-block-embed__wrapper\">\n<div class=\"twitter-tweet\"><blockquote class=\"twitter-tweet\" data-lang=\"es\"><p lang=\"es\" dir=\"ltr\"><a href=\"https:\/\/twitter.com\/hashtag\/OaxacaGris?src=hash&amp;ref_src=twsrc%5Etfw\">#OaxacaGris<\/a><br>Pobladores de Santiago Yaitepec arribaron a Oaxaca para denunciar violaci\u00f3n a sus derechos tras desalojos, y para exigir justicia. <br>Rebaten al gobernador <a href=\"https:\/\/twitter.com\/alejandromurat?ref_src=twsrc%5Etfw\">@alejandromurat<\/a> y al fiscal <a href=\"https:\/\/twitter.com\/RVasconcelosM?ref_src=twsrc%5Etfw\">@RVasconcelosM<\/a> sobre la muerte de mujer: s\u00ed fue tras hechos violentos del s\u00e1bado. <a href=\"https:\/\/t.co\/OvrrgnRwbx\">pic.twitter.com\/OvrrgnRwbx<\/a><\/p>&mdash; Zona Roja Oaxaca (@MexRoja) <a href=\"https:\/\/twitter.com\/MexRoja\/status\/1202330925209657345?ref_src=twsrc%5Etfw\">4 de diciembre de 2019<\/a><\/blockquote><\/div>\n<\/div><\/figure>\n\n\n\n<p>\u201cTenemos pruebas, ella ten\u00eda la bolsita\nde dinero que hab\u00eda vendido d\u00edas antes; no sab\u00edamos que iba a ver represi\u00f3n,\nhab\u00eda mujeres, ni\u00f1os, mujeres de la tercera edad y tuvimos un ataque.<\/p>\n\n\n\n<p>\u201cComo ind\u00edgenas exigimos nuestros\nderechos y necesitamos que nos escuchen. Exigimos ser escuchados, porque si es\nposible dar la vida por nuestra, la vamos a dar\u201d, dijo.<\/p>\n\n\n\n<p>Tras dialogar con el presidente de la\nDefensor\u00eda, Bernardo Rodr\u00edguez Alamilla, los habitantes de Santiago Yaitepec se\ntrasladaron a la Ciudad Judicial, donde buscaban una entrevista con el fiscal\nRub\u00e9n Vasconcelos.<\/p>\n\n\n\n<p>Sin embargo, les fue negada la reuni\u00f3n y el acceso al complejo de oficinas de gobierno, por lo cual en la tarde retornaron al centro de la ciudad; del Andador Tur\u00edstico parti\u00f3 la caravana hacia la Ciudad de M\u00e9xico, donde buscan reunirse con funcionarios federales del gobierno de Andr\u00e9s Manuel L\u00f3pez Obrador, para exigir justicia.<\/p>\n\n\n\n<p>En tanto, el presidente del Comisariado de Bienes Comunales, Antonio Diego Cruz Santiafo, denunci\u00f3 la negativa del fiscal Vasconcelos de recibirlos y atender sus demandas como v\u00edctimas del desalojo violento en dos sitios.<\/p>\n\n\n\n<p>\u00abTal parece que el Gobierno del Estado ya tom\u00f3 partido por Juquila y a nuestro pueblo no solamente nos discriminan sino lo reprimen con gases\u00bb, dijo.<\/p>\n\n\n\n<figure class=\"wp-block-embed-twitter wp-block-embed is-type-rich is-provider-twitter\"><div class=\"wp-block-embed__wrapper\">\n<div class=\"twitter-tweet\"><blockquote class=\"twitter-tweet\" data-lang=\"es\"><p lang=\"es\" dir=\"ltr\"><a href=\"https:\/\/twitter.com\/hashtag\/OaxacaGris?src=hash&amp;ref_src=twsrc%5Etfw\">#OaxacaGris<\/a><br>Los habitantes de Santiago Yaitepec arribaron a las oficinas de gobierno en Ciudad Judicial, en Reyes Mantec\u00f3n, Coyotepec, para exigir una reuni\u00f3n con el titular de la <a href=\"https:\/\/twitter.com\/FISCALIA_GobOax?ref_src=twsrc%5Etfw\">@FISCALIA_GobOax<\/a>, <a href=\"https:\/\/twitter.com\/RVasconcelosM?ref_src=twsrc%5Etfw\">@RVasconcelosM<\/a>, y recriminarle sus aseveraciones respecto a la persona fallecida. <a href=\"https:\/\/t.co\/1FU2cqauDH\">pic.twitter.com\/1FU2cqauDH<\/a><\/p>&mdash; Zona Roja Oaxaca (@MexRoja) <a href=\"https:\/\/twitter.com\/MexRoja\/status\/1202340388364857350?ref_src=twsrc%5Etfw\">4 de diciembre de 2019<\/a><\/blockquote><\/div>\n<\/div><\/figure>\n","protected":false},"excerpt":{"rendered":"<p>Ismael Garc\u00eda M.\/Zona Roja. Oaxaca de Ju\u00e1rez, Oax., 4 de diciembre de 2019.- Tras la&hellip;<\/p>\n","protected":false},"author":2,"featured_media":6354,"comment_status":"closed","ping_status":"open","sticky":false,"template":"","format":"standard","meta":{"_lmt_disableupdate":"","_lmt_disable":"","_jetpack_memberships_contains_paid_content":false,"footnotes":""},"categories":[109,51],"tags":[546],"class_list":["post-6353","post","type-post","status-publish","format-standard","has-post-thumbnail","hentry","category-minuto-a-minuto","category-zona-roja","tag-santiago-yaitepec"],"jetpack_featured_media_url":"https:\/\/zonaroja.com.mx\/wp-content\/uploads\/2019\/12\/Yaite.jpg","jetpack_sharing_enabled":true,"_links":{"self":[{"href":"https:\/\/zonaroja.com.mx\/index.php?rest_route=\/wp\/v2\/posts\/6353","targetHints":{"allow":["GET"]}}],"collection":[{"href":"https:\/\/zonaroja.com.mx\/index.php?rest_route=\/wp\/v2\/posts"}],"about":[{"href":"https:\/\/zonaroja.com.mx\/index.php?rest_route=\/wp\/v2\/types\/post"}],"author":[{"embeddable":true,"href":"https:\/\/zonaroja.com.mx\/index.php?rest_route=\/wp\/v2\/users\/2"}],"replies":[{"embeddable":true,"href":"https:\/\/zonaroja.com.mx\/index.php?rest_route=%2Fwp%2Fv2%2Fcomments&post=6353"}],"version-history":[{"count":2,"href":"https:\/\/zonaroja.com.mx\/index.php?rest_route=\/wp\/v2\/posts\/6353\/revisions"}],"predecessor-version":[{"id":6357,"href":"https:\/\/zonaroja.com.mx\/index.php?rest_route=\/wp\/v2\/posts\/6353\/revisions\/6357"}],"wp:featuredmedia":[{"embeddable":true,"href":"https:\/\/zonaroja.com.mx\/index.php?rest_route=\/wp\/v2\/media\/6354"}],"wp:attachment":[{"href":"https:\/\/zonaroja.com.mx\/index.php?rest_route=%2Fwp%2Fv2%2Fmedia&parent=6353"}],"wp:term":[{"taxonomy":"category","embeddable":true,"href":"https:\/\/zonaroja.com.mx\/index.php?rest_route=%2Fwp%2Fv2%2Fcategories&post=6353"},{"taxonomy":"post_tag","embeddable":true,"href":"https:\/\/zonaroja.com.mx\/index.php?rest_route=%2Fwp%2Fv2%2Ftags&post=6353"}],"curies":[{"name":"wp","href":"https:\/\/api.w.org\/{rel}","templated":true}]}}