{"id":63532,"date":"2023-12-24T07:18:32","date_gmt":"2023-12-24T13:18:32","guid":{"rendered":"http:\/\/www.zonaroja.com.mx\/?p=63532"},"modified":"2023-12-24T07:18:35","modified_gmt":"2023-12-24T13:18:35","slug":"otra-vez-zaachila-asesinan-a-balazos-a-taxista","status":"publish","type":"post","link":"https:\/\/zonaroja.com.mx\/?p=63532","title":{"rendered":"Otra vez Zaachila: asesinan a balazos a taxista"},"content":{"rendered":"\n<p>Ismael Garc\u00eda M.\/Zona Roja.<\/p>\n\n\n\n<p>Oaxaca de Ju\u00e1rez, Oax., a 24 de diciembre de 2023.- La ola de violencia se intensifica en la Villa de Zaachila y anoche un taxista de un sitio colectivo fue asesinado a balazos en el interior de su unidad de motor.<\/p>\n\n\n\n<p>El veh\u00edculo del sitio \u201cLa Mojonera\u201d, perteneciente a la colonia El Manantial, fue localizado sobre la carretera federal 175 Oaxaca-Puerto \u00c1ngel, a la altura de la llamada \u201ccuesta\u201d hacia Ocotl\u00e1n.<\/p>\n\n\n\n<p>En el interior se hall\u00f3 el cuerpo, con varios impactos de arma de fuego; param\u00e9dicos arribaron al sitio para brindar los primeros auxilios, pero corroboraron que ya no contaba con signos vitales.<\/p>\n\n\n\n<p>Tras ello, arrib\u00f3 personal de la Fiscal\u00eda General del Estado de Oaxaca para iniciar las indagatorias correspondientes; hasta el momento se desconoce la identidad de la v\u00edctima as\u00ed como el m\u00f3vil del crimen.<\/p>\n\n\n\n<p>Apenas el pasado jueves 21 de diciembre fue asesinada a balazos una persona en la colonia Juquilita, de la agencia Vicente Guerrero, mientras que en la misma demarcaci\u00f3n, el 9 de diciembre fue ultimada una mujer. Pese a los graves hechos violentos, el edil morenista Rigoberto Chac\u00f3n P\u00e9rez no ha implementado acciones de seguridad.<\/p>\n\n\n\n<p>EN XOXOCOTL\u00c1N<\/p>\n\n\n\n<p>Mientras tanto, cerca del mediod\u00eda de ayer se desat\u00f3 una balacera entre organizaciones de transportistas, en la cabecera del municipio de Santa Cruz Xoxocotl\u00e1n, conurbado a la capital.<\/p>\n\n\n\n<p>Presuntamente taxistas y mototaxistas de las organizaciones CATEM-ASAO y Confederaci\u00f3n Joven se enfrentaron a balazos, en la calle calzada de los Deportes esquina con Genaro V. V\u00e1squez, lo que dej\u00f3 como saldo una persona herida de gravedad.<\/p>\n\n\n\n<p>Corporaciones policiacas de los tres niveles de gobierno arribaron al sitio pero no hubo detenciones, al no encontrar a los probables responsables.<\/p>\n\n\n\n<p>Mediante las redes sociales se difundi\u00f3 la imagen de un individuo con un arma de fuego, quien presuntamente habr\u00eda participado en los hechos y ya es buscado por los polic\u00edas.<\/p>\n\n\n\n<p>SE DISPAR\u00d3<\/p>\n\n\n\n<p>Tambi\u00e9n en la ma\u00f1ana de ayer, pero en el centro de la ciudad de Oaxaca se registr\u00f3 una intensa movilizaci\u00f3n policiaca, por detonaciones de arma de fuego.<\/p>\n\n\n\n<p>Al arribar a la casa marcada con el n\u00famero 107 de la calle Quinta Roo, a unos pasos del jard\u00edn Conzatti, corroboraron que una persona se dispar\u00f3 con una escopeta para quitarse la vida.<\/p>\n","protected":false},"excerpt":{"rendered":"<p>Ismael Garc\u00eda M.\/Zona Roja. Oaxaca de Ju\u00e1rez, Oax., a 24 de diciembre de 2023.- La&hellip;<\/p>\n","protected":false},"author":2,"featured_media":63533,"comment_status":"closed","ping_status":"open","sticky":false,"template":"","format":"standard","meta":{"_lmt_disableupdate":"","_lmt_disable":"","_jetpack_memberships_contains_paid_content":false,"footnotes":""},"categories":[109,51],"tags":[155],"class_list":["post-63532","post","type-post","status-publish","format-standard","has-post-thumbnail","hentry","category-minuto-a-minuto","category-zona-roja","tag-villa-de-zaachila"],"jetpack_featured_media_url":"https:\/\/zonaroja.com.mx\/wp-content\/uploads\/2023\/12\/Taxista-asesinado-Villa-de-Zaachila.jpeg","jetpack_sharing_enabled":true,"_links":{"self":[{"href":"https:\/\/zonaroja.com.mx\/index.php?rest_route=\/wp\/v2\/posts\/63532","targetHints":{"allow":["GET"]}}],"collection":[{"href":"https:\/\/zonaroja.com.mx\/index.php?rest_route=\/wp\/v2\/posts"}],"about":[{"href":"https:\/\/zonaroja.com.mx\/index.php?rest_route=\/wp\/v2\/types\/post"}],"author":[{"embeddable":true,"href":"https:\/\/zonaroja.com.mx\/index.php?rest_route=\/wp\/v2\/users\/2"}],"replies":[{"embeddable":true,"href":"https:\/\/zonaroja.com.mx\/index.php?rest_route=%2Fwp%2Fv2%2Fcomments&post=63532"}],"version-history":[{"count":1,"href":"https:\/\/zonaroja.com.mx\/index.php?rest_route=\/wp\/v2\/posts\/63532\/revisions"}],"predecessor-version":[{"id":63534,"href":"https:\/\/zonaroja.com.mx\/index.php?rest_route=\/wp\/v2\/posts\/63532\/revisions\/63534"}],"wp:featuredmedia":[{"embeddable":true,"href":"https:\/\/zonaroja.com.mx\/index.php?rest_route=\/wp\/v2\/media\/63533"}],"wp:attachment":[{"href":"https:\/\/zonaroja.com.mx\/index.php?rest_route=%2Fwp%2Fv2%2Fmedia&parent=63532"}],"wp:term":[{"taxonomy":"category","embeddable":true,"href":"https:\/\/zonaroja.com.mx\/index.php?rest_route=%2Fwp%2Fv2%2Fcategories&post=63532"},{"taxonomy":"post_tag","embeddable":true,"href":"https:\/\/zonaroja.com.mx\/index.php?rest_route=%2Fwp%2Fv2%2Ftags&post=63532"}],"curies":[{"name":"wp","href":"https:\/\/api.w.org\/{rel}","templated":true}]}}