{"id":63537,"date":"2023-12-24T11:00:00","date_gmt":"2023-12-24T17:00:00","guid":{"rendered":"http:\/\/www.zonaroja.com.mx\/?p=63537"},"modified":"2023-12-24T07:22:28","modified_gmt":"2023-12-24T13:22:28","slug":"por-que-el-gobierno-de-amlo-bajo-el-numero-de-desaparecidos-en-mexico","status":"publish","type":"post","link":"https:\/\/zonaroja.com.mx\/?p=63537","title":{"rendered":"\u00bfPor qu\u00e9 el gobierno de AMLO baj\u00f3 el n\u00famero de desaparecidos en M\u00e9xico?"},"content":{"rendered":"\n<p>Redacci\u00f3n\/Zona Roja Cdmx.<\/p>\n\n\n\n<p>Ciudad de M\u00e9xico, a 24 de diciembre de 2023.- Convencido de que en M\u00e9xico es menor el n\u00famero de desaparecidos, el gobierno del presidente Andr\u00e9s Manuel L\u00f3pez Obrador levant\u00f3 un nuevo censo y en cuesti\u00f3n de meses se lleg\u00f3 a una nueva cifra: 12,377, la cual difiere por mucho a la que consignaba la Comisi\u00f3n Nacional de B\u00fasqueda (CNB) que se\u00f1alaba a 113,565 personas en esa condici\u00f3n.<\/p>\n\n\n\n<p>\u00bfC\u00f3mo se lleg\u00f3 a esa cifra? \u00bfSe encontraron o eliminaron reportes de desaparecidos? Aqu\u00ed lo que se sabe del nuevo censo y sus cifras que han generado pol\u00e9mica y protestas de las familias que llevan a\u00f1os buscando a un hijo, pap\u00e1, hermano, mam\u00e1 o amigo.<\/p>\n\n\n\n<p>EL N\u00daMERO OFICIAL<\/p>\n\n\n\n<p>Con la publicaci\u00f3n de la Ley General en Materia de Desaparici\u00f3n de 2017, se cre\u00f3 la Comisi\u00f3n Nacional de B\u00fasqueda de Personas (CNB), la cual tiene como prop\u00f3sito implementar acciones que permitan dar con paradero de quienes fueron reportados como no localizados.<\/p>\n\n\n\n<p>La instituci\u00f3n est\u00e1 integrada por alrededor de 250 servidores p\u00fablicos: un titular, cuatro direcciones generales, 29 direcciones de \u00e1rea, 52 subdirecciones, 120 jefaturas de departamento y 37 apoyos administrativos.<\/p>\n\n\n\n<p>El presupuesto para la instituci\u00f3n fue en aumento desde 2019 a\u00f1o en que se le asignaron 400 millones 791,984, y para 2023, el presupuesto fue de 1,097 millones 234,971 pesos.<\/p>\n\n\n\n<p>Hasta este 22 de diciembre, la CNB tiene reportadas 304,325 personas desaparecidas, no localizadas y localizadas. De ellas, 113,565 se encuentran a\u00fan como desaparecidas y no localizadas de acuerdo con ese registro.<\/p>\n\n\n\n<p>EL NUEVO CENSO<\/p>\n\n\n\n<p>Hace unos d\u00edas, la titular de Gobernaci\u00f3n, Luisa Mar\u00eda Alcalde explic\u00f3 que desde el 1\u00ba de mayo de 2023 se puso en marcha la Estrategia Nacional de B\u00fasqueda Generalizada de Personas Desaparecidas.<\/p>\n\n\n\n<p>De acuerdo con la secretaria, lo primero que se hizo fue una confrontaci\u00f3n de esa cifra de personas desaparecidas con registros administrativos de bases de datos entre vacunaci\u00f3n de COVID, datos proporcionados por gobiernos estatales, del Instituto Mexicano del Seguro Social, del Servicio de Administraci\u00f3n Tributaria, del Instituto Nacional de Migraci\u00f3n, entre otras bases de datos.<\/p>\n\n\n\n<p>Luego se implement\u00f3 una jornada de b\u00fasqueda \u00abcasa por casa\u00bb para visitar los posibles domicilios asociados con las personas desaparecidas.<\/p>\n\n\n\n<p>\u201cEn la estrategia de visita casa por casa consisti\u00f3 en seis etapas, son 1,559 equipos conformados, 4, 947 personas destinadas. Y se realizaron 111,641 visitas a domicilio, estamos hablando, para hacer alguna comparaci\u00f3n, de la mitad de todos los domicilios, por ejemplo, del estado de Campeche o de Colima o de Baja Sur\u201d, expuso la titular de Segob en la conferencia ma\u00f1anera del 14 de diciembre.<\/p>\n\n\n\n<p>D acuerdo con Alcalde, tambi\u00e9n se realizaron llamadas telef\u00f3nicas con un equipo de 150 personas, quienes realizaron m\u00e1s de 86,000 contactos.<\/p>\n\n\n\n<p>LOS LOCALIZADO<\/p>\n\n\n\n<p>Tras esas jornadas de b\u00fasqueda y llamadas telef\u00f3nicas, 16,681 personas fueron localizadas, ese n\u00famero representa un 15% de los m\u00e1s de 110,000 registros. De acuerdo con la secretaria:<\/p>\n\n\n\n<p>A 3,945 las encontraron en su domicilio.<br>A 4,134 se les localiz\u00f3 con un reporte de defunci\u00f3n.<br>A 8,405 ya se les hab\u00eda localizado y se hab\u00eda cerrado la carpeta.<br>A 197 se les encontr\u00f3 en un centro penitenciario.<\/p>\n\n\n\n<p>Alcalde Luj\u00e1n explic\u00f3 que tras las b\u00fasquedas y la confrontaci\u00f3n de bases de datos, son 12,377 personas con registros de desaparecidas.<\/p>\n\n\n\n<p>\u00abInici\u00f3 una campa\u00f1a con mentiras, que se estaba manipulando el registro, que lo que se trataba era de borrar desaparecidos. Y aclarando que: N\u00famero uno, no estamos desapareciendo desaparecidos. N\u00famero dos, no se ha borrado ni se borrar\u00e1 ning\u00fan registro, los esfuerzos han estado enfocados en la b\u00fasqueda y en la localizaci\u00f3n de las personas desaparecidas\u00bb, dijo alcalde en la conferencia.<\/p>\n\n\n\n<p>LA POL\u00c9MICA<\/p>\n\n\n\n<p>La nueva cifra de personas que est\u00e1n confirmadas como desaparecidas caus\u00f3 pol\u00e9mica. Familiares y organizaciones pidieron al gobierno no mutilar el censo.<\/p>\n\n\n\n<p>\u201cComo parte de su sabotaje contra la Comisi\u00f3n Nacional de B\u00fasqueda y de su esmero m\u00e1s amplio por desinformar a la sociedad, el gobierno federal anunci\u00f3, el pasado 14 de diciembre, que el Censo Nacional de Personas Desaparecidas y No Localizadas pasa de 110,964 registros a 12,377. Esta mutilaci\u00f3n, a cargo de funcionarios partidistas de la Secretar\u00eda del Bienestar, ignor\u00f3 por completo la metodolog\u00eda del Protocolo Homologado de B\u00fasqueda, no atendi\u00f3 el subregistro de casos denunciado por especialistas, y no tom\u00f3 en cuenta, ni a las Comisiones Locales de B\u00fasqueda ni a los colectivos de v\u00edctimas\u201d, manifest\u00f3 en un comunicado la organizaci\u00f3n Causa en Com\u00fan.<\/p>\n\n\n\n<p>Algunos familiares anunciaron que buscan presentar un amparo contra el nuevo censo que disminuy\u00f3 el registro de personas desaparecidas.<\/p>\n\n\n\n<p>La posibilidad de \u201cborrar\u201d o modificar las cifras de personas desaparecidas fue advertida en su momento por Karla Quintana, extitular de la CNB.<\/p>\n\n\n\n<p>\u201cLa intenci\u00f3n es -muy clara y lamentable-&#8230; es el reducir la cifra de personas desaparecidas, principalmente en este gobierno, es muy claro y tambi\u00e9n est\u00e1n dirigido a los 23 gobierno estatales por el partido en el poder, esto fue lo que me llev\u00f3 a la salida de la CNB y disentir en la forma, como en la finalidad del censo\u201d, asegur\u00f3 durante su participaci\u00f3n en el Seminario sobre Violencia y Paz del Colegio de M\u00e9xico en noviembre pasado.<\/p>\n\n\n\n<p>En medio de la pol\u00e9mica y las protestas de familiares de v\u00edctimas, el presidente Andr\u00e9s Manuel L\u00f3pez Obrador ha defendido el censo y ha ofrecido que la pr\u00f3xima semana se dar\u00e1n m\u00e1s detalles del censo.<\/p>\n\n\n\n<p>\u201cEsto lo tenemos completamente comprobado, con documentos, con pruebas. Esto lo tenemos tambi\u00e9n probados, est\u00e1n ubicados, pero no hemos podido tener, como en este caso, la prueba de vida, pero en eso estamos\u201d, dijo el presidente.<br>(Informaci\u00f3n de \u201cExpansi\u00f3n Pol\u00edtica\u201d)<\/p>\n","protected":false},"excerpt":{"rendered":"<p>Redacci\u00f3n\/Zona Roja Cdmx. Ciudad de M\u00e9xico, a 24 de diciembre de 2023.- Convencido de que&hellip;<\/p>\n","protected":false},"author":2,"featured_media":62288,"comment_status":"closed","ping_status":"open","sticky":false,"template":"","format":"standard","meta":{"_lmt_disableupdate":"","_lmt_disable":"","_jetpack_memberships_contains_paid_content":false,"footnotes":""},"categories":[109,47],"tags":[3496],"class_list":["post-63537","post","type-post","status-publish","format-standard","has-post-thumbnail","hentry","category-minuto-a-minuto","category-zona-gris","tag-desaparecidos-mexico"],"jetpack_featured_media_url":"https:\/\/zonaroja.com.mx\/wp-content\/uploads\/2023\/11\/Busqueda-de-personas.jpg","jetpack_sharing_enabled":true,"_links":{"self":[{"href":"https:\/\/zonaroja.com.mx\/index.php?rest_route=\/wp\/v2\/posts\/63537","targetHints":{"allow":["GET"]}}],"collection":[{"href":"https:\/\/zonaroja.com.mx\/index.php?rest_route=\/wp\/v2\/posts"}],"about":[{"href":"https:\/\/zonaroja.com.mx\/index.php?rest_route=\/wp\/v2\/types\/post"}],"author":[{"embeddable":true,"href":"https:\/\/zonaroja.com.mx\/index.php?rest_route=\/wp\/v2\/users\/2"}],"replies":[{"embeddable":true,"href":"https:\/\/zonaroja.com.mx\/index.php?rest_route=%2Fwp%2Fv2%2Fcomments&post=63537"}],"version-history":[{"count":1,"href":"https:\/\/zonaroja.com.mx\/index.php?rest_route=\/wp\/v2\/posts\/63537\/revisions"}],"predecessor-version":[{"id":63538,"href":"https:\/\/zonaroja.com.mx\/index.php?rest_route=\/wp\/v2\/posts\/63537\/revisions\/63538"}],"wp:featuredmedia":[{"embeddable":true,"href":"https:\/\/zonaroja.com.mx\/index.php?rest_route=\/wp\/v2\/media\/62288"}],"wp:attachment":[{"href":"https:\/\/zonaroja.com.mx\/index.php?rest_route=%2Fwp%2Fv2%2Fmedia&parent=63537"}],"wp:term":[{"taxonomy":"category","embeddable":true,"href":"https:\/\/zonaroja.com.mx\/index.php?rest_route=%2Fwp%2Fv2%2Fcategories&post=63537"},{"taxonomy":"post_tag","embeddable":true,"href":"https:\/\/zonaroja.com.mx\/index.php?rest_route=%2Fwp%2Fv2%2Ftags&post=63537"}],"curies":[{"name":"wp","href":"https:\/\/api.w.org\/{rel}","templated":true}]}}