{"id":63539,"date":"2023-12-24T12:00:00","date_gmt":"2023-12-24T18:00:00","guid":{"rendered":"http:\/\/www.zonaroja.com.mx\/?p=63539"},"modified":"2023-12-24T07:25:35","modified_gmt":"2023-12-24T13:25:35","slug":"inaugura-poder-judicial-en-tuxtepec-nuevo-edificio-de-juzgados-especializados","status":"publish","type":"post","link":"https:\/\/zonaroja.com.mx\/?p=63539","title":{"rendered":"Inaugura\u00a0Poder Judicial\u00a0en Tuxtepec nuevo edificio\u00a0de\u00a0juzgados\u00a0especializados"},"content":{"rendered":"\n<p>Redacci\u00f3n\/Zona Roja.<\/p>\n\n\n\n<p>Oaxaca de Ju\u00e1rez, Oax., a 24 de diciembre de 2023.- El Poder Judicial del Estado&nbsp;inaugur\u00f3&nbsp;en San Juan Bautista Tuxtepec,&nbsp;un nuevo&nbsp;edificio que albergar\u00e1 tres juzgados especializados en las materias civil y familiar,&nbsp;primer inmueble destinado a&nbsp;la implementaci\u00f3n del&nbsp;reci\u00e9n aprobado&nbsp;C\u00f3digoNacional de Procedimientos Civiles&nbsp;y Familiares,&nbsp;modelo que impulsa la oralidad y la integraci\u00f3n de tecnolog\u00edas de la informaci\u00f3n en los procesos judiciales.<\/p>\n\n\n\n<p>El magistrado presidente Eduardo Pinacho S\u00e1nchez, inform\u00f3 que su administraci\u00f3n,&nbsp;anticip\u00e1ndose a los desaf\u00edos de&nbsp;la implementaci\u00f3n en 2027&nbsp;de esta legislaci\u00f3n,&nbsp;tom\u00f3 la iniciativa de&nbsp;crear instalaciones modernas y adecuadas&nbsp;para afrontar los retos que implica; por lo cual, en una&nbsp;superficie total de 609&nbsp;metros cuadrados, se construyeron dos&nbsp;espacios&nbsp;de un nivel.<\/p>\n\n\n\n<p>Con estas&nbsp;acciones, puntualiz\u00f3, el Poder Judicial de Oaxaca&nbsp;contin\u00faa&nbsp;dando pasos decisivos hacia un sistema judicial m\u00e1s moderno, inclusivo y transparente; bajo la premisa de que el lugar&nbsp;donde se imparte&nbsp;justicia debe revestir dignidad no s\u00f3lo para los servidores judiciales,&nbsp;sino para&nbsp;los usuarios del servicio.&nbsp;<\/p>\n\n\n\n<p>Con 256&nbsp;metros cuadrados&nbsp;de extensi\u00f3n,&nbsp;uno de los&nbsp;espacios alberga tres juzgados especializados en las materias civil y familiar&nbsp;con todos los servicios,&nbsp;ofreciendo un entorno seguro y climatizado, con dos oficial\u00edas, dos archivos, y \u00e1reas administrativas.&nbsp;El segundo&nbsp;edificio&nbsp;aloja&nbsp;tres salas de audiencia,&nbsp;con&nbsp;capacidad para 25 personas&nbsp;cada una y equipadas con tecnolog\u00eda&nbsp;de punta, c\u00e1maras de video, internet y un \u00e1rea de Site principal.&nbsp;<\/p>\n\n\n\n<p>En la infraestructura, se aplicaron t\u00e9cnicas eficientes, utilizando un sistema estructural de perfiles de acero, muros exteriores de bloques de cemento y divisiones internas. Las ventanas de canceler\u00eda favorecen la&nbsp;entrada de luz natural, resaltando la transparencia en la prestaci\u00f3n de servicios judiciales.&nbsp;<\/p>\n\n\n\n<p>Asimismo, en los juzgados familiares y civiles existentes, se realizaron mejoras, como la remodelaci\u00f3n de n\u00facleos sanitarios con dispositivos de ahorro de agua y materiales de f\u00e1cil mantenimiento.&nbsp;<\/p>\n","protected":false},"excerpt":{"rendered":"<p>Redacci\u00f3n\/Zona Roja. Oaxaca de Ju\u00e1rez, Oax., a 24 de diciembre de 2023.- El Poder Judicial&hellip;<\/p>\n","protected":false},"author":2,"featured_media":63540,"comment_status":"closed","ping_status":"open","sticky":false,"template":"","format":"standard","meta":{"_lmt_disableupdate":"","_lmt_disable":"","_jetpack_memberships_contains_paid_content":false,"footnotes":""},"categories":[109,46],"tags":[223],"class_list":["post-63539","post","type-post","status-publish","format-standard","has-post-thumbnail","hentry","category-minuto-a-minuto","category-zona-blanca","tag-poder-judicial-de-oaxaca"],"jetpack_featured_media_url":"https:\/\/zonaroja.com.mx\/wp-content\/uploads\/2023\/12\/Juzgados-Tuxtepec.jpg","jetpack_sharing_enabled":true,"_links":{"self":[{"href":"https:\/\/zonaroja.com.mx\/index.php?rest_route=\/wp\/v2\/posts\/63539","targetHints":{"allow":["GET"]}}],"collection":[{"href":"https:\/\/zonaroja.com.mx\/index.php?rest_route=\/wp\/v2\/posts"}],"about":[{"href":"https:\/\/zonaroja.com.mx\/index.php?rest_route=\/wp\/v2\/types\/post"}],"author":[{"embeddable":true,"href":"https:\/\/zonaroja.com.mx\/index.php?rest_route=\/wp\/v2\/users\/2"}],"replies":[{"embeddable":true,"href":"https:\/\/zonaroja.com.mx\/index.php?rest_route=%2Fwp%2Fv2%2Fcomments&post=63539"}],"version-history":[{"count":1,"href":"https:\/\/zonaroja.com.mx\/index.php?rest_route=\/wp\/v2\/posts\/63539\/revisions"}],"predecessor-version":[{"id":63541,"href":"https:\/\/zonaroja.com.mx\/index.php?rest_route=\/wp\/v2\/posts\/63539\/revisions\/63541"}],"wp:featuredmedia":[{"embeddable":true,"href":"https:\/\/zonaroja.com.mx\/index.php?rest_route=\/wp\/v2\/media\/63540"}],"wp:attachment":[{"href":"https:\/\/zonaroja.com.mx\/index.php?rest_route=%2Fwp%2Fv2%2Fmedia&parent=63539"}],"wp:term":[{"taxonomy":"category","embeddable":true,"href":"https:\/\/zonaroja.com.mx\/index.php?rest_route=%2Fwp%2Fv2%2Fcategories&post=63539"},{"taxonomy":"post_tag","embeddable":true,"href":"https:\/\/zonaroja.com.mx\/index.php?rest_route=%2Fwp%2Fv2%2Ftags&post=63539"}],"curies":[{"name":"wp","href":"https:\/\/api.w.org\/{rel}","templated":true}]}}