{"id":63542,"date":"2023-12-24T13:00:00","date_gmt":"2023-12-24T19:00:00","guid":{"rendered":"http:\/\/www.zonaroja.com.mx\/?p=63542"},"modified":"2023-12-24T07:34:03","modified_gmt":"2023-12-24T13:34:03","slug":"en-belen-donde-nacion-jesus-no-habra-navidad-a-causa-de-la-guerra","status":"publish","type":"post","link":"https:\/\/zonaroja.com.mx\/?p=63542","title":{"rendered":"En Bel\u00e9n, donde naci\u00f3n Jes\u00fas, no habr\u00e1 Navidad, a causa de la guerra"},"content":{"rendered":"\n<p>Redacci\u00f3n\/Zona Roja Cdmx.<\/p>\n\n\n\n<p>Ciudad de M\u00e9xico, a 24 de diciembre de 2023.- La plaza Manger de Bel\u00e9n es un estacionamiento fantasma. Las calles que la rodean s\u00f3lo son ruinas de casas. En el centro, la iglesia de la Natividad, a la que se rinde culto como lugar de nacimiento de Jesucristo y es visitada por m\u00e1s de un mill\u00f3n de peregrinos cada a\u00f1o, est\u00e1 virtualmente vac\u00eda.<\/p>\n\n\n\n<p>La \u00fanica se\u00f1al de vida es el llamado de las campanas a una misa a la que nadie acudir\u00e1. Una de las ciudades m\u00e1s sagradas de la cristiandad est\u00e1 en duelo profundo y doloroso.<\/p>\n\n\n\n<p>\u201cNunca hemos visto a Bel\u00e9n as\u00ed\u201d, comenta el padre Issa Thaljieh, el p\u00e1rroco griego ortodoxo de la iglesia, mientras otros sacerdotes musitan plegarias al fondo.<\/p>\n\n\n\n<p>Por lo regular, poco antes de Navidad, la plaza central de Cisjordania ocupada debe estar coronada por un \u00e1rbol deslumbrante, cerca de un Nacimiento monumental. Ni\u00f1os y ni\u00f1as exploradoras entonan canciones navide\u00f1as en ingl\u00e9s y \u00e1rabe.<\/p>\n\n\n\n<p>CANCELAN VIAJES<\/p>\n\n\n\n<p>Miles de visitantes de todo el planeta se agolpar\u00edan en la ciudad en una enorme fila para visitar la gruta y rendir tributo al lugar donde se dice que Jes\u00fas naci\u00f3. Pero este a\u00f1o, con una guerra devastadora en Gaza, no hay nada de eso. Los militares israel\u00edes tambi\u00e9n han cerrado el principal puesto de revisi\u00f3n a la entrada de Bel\u00e9n, aduciendo razones de seguridad para evitar el acceso a la ciudad famosa para muchos palestinos.<\/p>\n\n\n\n<p>SIN CELEBRACI\u00d3N<\/p>\n\n\n\n<p>\u201cNo podemos celebrar cuando muchos nos sentimos tristes y atemorizados por lo que ocurre en Gaza\u201d, comenta el padre Thalijeh. Expresa preocupaci\u00f3n por sus parroquianos en el min\u00fasculo enclave sitiado, quienes ahora se concentran temblando de miedo en las iglesias cat\u00f3licas y ortodoxas de la ciudad de Gaza, bajo el bombardeo israel\u00ed m\u00e1s intenso en la historia.<\/p>\n\n\n\n<p>\u201cEste a\u00f1o, dijimos: es mejor juntarnos, unirnos en oraci\u00f3n\u2026 no podemos celebrar. Todo lo que podemos hacer es enviar un mensaje, el mismo que ha salido de aqu\u00ed desde que Jes\u00fas naci\u00f3, uno de paz y amor.\u201d<\/p>\n\n\n\n<p>Detr\u00e1s de \u00e9l, prepar\u00e1ndose para la misa, el padre Spiridon, de 75 a\u00f1os, tambi\u00e9n griego ortodoxo, est\u00e1 de acuerdo. \u201cLlevo 54 a\u00f1os aqu\u00ed. Nunca hab\u00eda visto una Navidad como \u00e9sta, ni siquiera con el covid. Nadie puede entrar\u201d, lamenta mientras un pu\u00f1ado de locales encienden velas en el fondo.<\/p>\n\n\n\n<p>\u201cLa Navidad se trata de amor y paz y \u00e9se es nuestro mensaje: debemos tener paz en Tierra Santa\u201d.<\/p>\n\n\n\n<p>CRUENTA GUERRA<\/p>\n\n\n\n<p>Israel ha impuesto un estado de sitio paralizante y un feroz bombardeo a\u00e9reo sobre Gaza en represalia por el ataque de Hamas el 7 de octubre dentro del territorio israel\u00ed, en el que militantes mataron a mil 200 personas y capturaron 240 rehenes. Desde entonces, el ministerio de Salud de Gaza, gobernada por Hamas, afirma que los ataques israel\u00edes han dado muerte a m\u00e1s de 20 mil palestinos, de los cuales tres cuartas partes eran mujeres y ni\u00f1os. 85 por ciento de los 2.3 millones de residentes han sido desplazados y viven con acceso decreciente a comida, agua y suministros m\u00e9dicos.<\/p>\n\n\n\n<p>El grupo militante palestino inform\u00f3 ayer que m\u00e1s de 200 habitantes murieron en las 24 horas previas al reporte por los incesantes bombardeos y la operaci\u00f3n terrestre. Los ataques a\u00e9reos de antier arrasaron una vivienda en ciudad de Gaza, donde 76 personas de la familia Al Mughrabi perdieron la vida, inform\u00f3 la agencia noticiosa Ap.<\/p>\n\n\n\n<p>(Informaci\u00f3n de \u201cThe Independent\u201d en \u201cLa Jornada\u201d)<\/p>\n","protected":false},"excerpt":{"rendered":"<p>Redacci\u00f3n\/Zona Roja Cdmx. Ciudad de M\u00e9xico, a 24 de diciembre de 2023.- La plaza Manger&hellip;<\/p>\n","protected":false},"author":2,"featured_media":63543,"comment_status":"closed","ping_status":"open","sticky":false,"template":"","format":"standard","meta":{"_lmt_disableupdate":"","_lmt_disable":"","_jetpack_memberships_contains_paid_content":false,"footnotes":""},"categories":[109,47],"tags":[2668],"class_list":["post-63542","post","type-post","status-publish","format-standard","has-post-thumbnail","hentry","category-minuto-a-minuto","category-zona-gris","tag-conflicto-gaza-israel"],"jetpack_featured_media_url":"https:\/\/zonaroja.com.mx\/wp-content\/uploads\/2023\/12\/Belen-Israel.tiff","jetpack_sharing_enabled":true,"_links":{"self":[{"href":"https:\/\/zonaroja.com.mx\/index.php?rest_route=\/wp\/v2\/posts\/63542","targetHints":{"allow":["GET"]}}],"collection":[{"href":"https:\/\/zonaroja.com.mx\/index.php?rest_route=\/wp\/v2\/posts"}],"about":[{"href":"https:\/\/zonaroja.com.mx\/index.php?rest_route=\/wp\/v2\/types\/post"}],"author":[{"embeddable":true,"href":"https:\/\/zonaroja.com.mx\/index.php?rest_route=\/wp\/v2\/users\/2"}],"replies":[{"embeddable":true,"href":"https:\/\/zonaroja.com.mx\/index.php?rest_route=%2Fwp%2Fv2%2Fcomments&post=63542"}],"version-history":[{"count":1,"href":"https:\/\/zonaroja.com.mx\/index.php?rest_route=\/wp\/v2\/posts\/63542\/revisions"}],"predecessor-version":[{"id":63544,"href":"https:\/\/zonaroja.com.mx\/index.php?rest_route=\/wp\/v2\/posts\/63542\/revisions\/63544"}],"wp:featuredmedia":[{"embeddable":true,"href":"https:\/\/zonaroja.com.mx\/index.php?rest_route=\/wp\/v2\/media\/63543"}],"wp:attachment":[{"href":"https:\/\/zonaroja.com.mx\/index.php?rest_route=%2Fwp%2Fv2%2Fmedia&parent=63542"}],"wp:term":[{"taxonomy":"category","embeddable":true,"href":"https:\/\/zonaroja.com.mx\/index.php?rest_route=%2Fwp%2Fv2%2Fcategories&post=63542"},{"taxonomy":"post_tag","embeddable":true,"href":"https:\/\/zonaroja.com.mx\/index.php?rest_route=%2Fwp%2Fv2%2Ftags&post=63542"}],"curies":[{"name":"wp","href":"https:\/\/api.w.org\/{rel}","templated":true}]}}