{"id":63545,"date":"2023-12-24T13:35:00","date_gmt":"2023-12-24T19:35:00","guid":{"rendered":"http:\/\/www.zonaroja.com.mx\/?p=63545"},"modified":"2023-12-24T07:45:44","modified_gmt":"2023-12-24T13:45:44","slug":"incrementa-jara-cruz-aprobacion-a-su-gobierno-en-noviembre-mitofsky","status":"publish","type":"post","link":"https:\/\/zonaroja.com.mx\/?p=63545","title":{"rendered":"Incrementa Jara Cruz aprobaci\u00f3n a su gobierno en noviembre: Mitofsky"},"content":{"rendered":"\n<p>Yuridiana Sosa\/Zona Roja.<\/p>\n\n\n\n<p>Oaxaca de Ju\u00e1rez, Oax., a 22 de diciembre de 2023.- A 12 meses de mandato, el gobernador de Oaxaca por Morena, Salom\u00f3n Jara Cruz, increment\u00f3 la aprobaci\u00f3n ciudadana a su administraci\u00f3n, esto respecto a octubre pasado y a diciembre de 2022, cuando inici\u00f3 su gobierno.<\/p>\n\n\n\n<p>De acuerdo al \u201cRanking Mitofsky Cap\u00edtulo: Gobernadores y gobernadoras de M\u00e9xico\u201d, de noviembre, Jara Cruz alcanz\u00f3 un promedio de 52.7 por ciento de aprobaci\u00f3n y 46.9 por ciento de desacuerdo, coloc\u00e1ndose en la posici\u00f3n 16 en la lista nacional. Mientras que un mes antes, en octubre, el nivel de aprobaci\u00f3n fue de 52 por ciento.<\/p>\n\n\n\n<p>Pero, el promedio m\u00e1s reciente representa un incremento de 3.2 puntos en comparaci\u00f3n al obtenido en diciembre de 2022, al inicio de su gobierno, cuando recibi\u00f3 una calificaci\u00f3n positiva de 49.5 por ciento, ocupando el lugar 19 a nivel nacional.<\/p>\n\n\n\n<p>El seguimiento del Ranking Mitofsky revel\u00f3 que Salom\u00f3n Jara obtuvo sus promedios de aprobaci\u00f3n ciudadana m\u00e1s altos en febrero, con el 53 por ciento, seguido por el mes de mayo, de 52.8 por ciento.<\/p>\n\n\n\n<p>En el apartado de \u201cRanking Mitofsky por Regiones\u201d, de noviembre, indic\u00f3 que el gobernador de Oaxaca, de Morena, &nbsp;es el tercer mandatario estatal mejor calificado en la regi\u00f3n Sur \u2013Pen\u00ednsula.<\/p>\n\n\n\n<p>Sobre Salom\u00f3n Jara se posicion\u00f3 en primer lugar el gobernador de Yucat\u00e1n, Mauricio Vila -del PAN- con el 61.6 por ciento y en segundo lugar, Mara Lezama de Quintana Roo \u2013de Morena-, &nbsp;con el 55.5 por ciento.<\/p>\n","protected":false},"excerpt":{"rendered":"<p>Yuridiana Sosa\/Zona Roja. Oaxaca de Ju\u00e1rez, Oax., a 22 de diciembre de 2023.- A 12&hellip;<\/p>\n","protected":false},"author":2,"featured_media":63546,"comment_status":"closed","ping_status":"open","sticky":false,"template":"","format":"standard","meta":{"_lmt_disableupdate":"","_lmt_disable":"","_jetpack_memberships_contains_paid_content":false,"footnotes":""},"categories":[109,46],"tags":[939],"class_list":["post-63545","post","type-post","status-publish","format-standard","has-post-thumbnail","hentry","category-minuto-a-minuto","category-zona-blanca","tag-salomon-jara-cruz"],"jetpack_featured_media_url":"https:\/\/zonaroja.com.mx\/wp-content\/uploads\/2023\/12\/Mitofsky-Salomon-Jara.jpg","jetpack_sharing_enabled":true,"_links":{"self":[{"href":"https:\/\/zonaroja.com.mx\/index.php?rest_route=\/wp\/v2\/posts\/63545","targetHints":{"allow":["GET"]}}],"collection":[{"href":"https:\/\/zonaroja.com.mx\/index.php?rest_route=\/wp\/v2\/posts"}],"about":[{"href":"https:\/\/zonaroja.com.mx\/index.php?rest_route=\/wp\/v2\/types\/post"}],"author":[{"embeddable":true,"href":"https:\/\/zonaroja.com.mx\/index.php?rest_route=\/wp\/v2\/users\/2"}],"replies":[{"embeddable":true,"href":"https:\/\/zonaroja.com.mx\/index.php?rest_route=%2Fwp%2Fv2%2Fcomments&post=63545"}],"version-history":[{"count":1,"href":"https:\/\/zonaroja.com.mx\/index.php?rest_route=\/wp\/v2\/posts\/63545\/revisions"}],"predecessor-version":[{"id":63547,"href":"https:\/\/zonaroja.com.mx\/index.php?rest_route=\/wp\/v2\/posts\/63545\/revisions\/63547"}],"wp:featuredmedia":[{"embeddable":true,"href":"https:\/\/zonaroja.com.mx\/index.php?rest_route=\/wp\/v2\/media\/63546"}],"wp:attachment":[{"href":"https:\/\/zonaroja.com.mx\/index.php?rest_route=%2Fwp%2Fv2%2Fmedia&parent=63545"}],"wp:term":[{"taxonomy":"category","embeddable":true,"href":"https:\/\/zonaroja.com.mx\/index.php?rest_route=%2Fwp%2Fv2%2Fcategories&post=63545"},{"taxonomy":"post_tag","embeddable":true,"href":"https:\/\/zonaroja.com.mx\/index.php?rest_route=%2Fwp%2Fv2%2Ftags&post=63545"}],"curies":[{"name":"wp","href":"https:\/\/api.w.org\/{rel}","templated":true}]}}