{"id":63557,"date":"2023-12-25T10:00:00","date_gmt":"2023-12-25T16:00:00","guid":{"rendered":"http:\/\/www.zonaroja.com.mx\/?p=63557"},"modified":"2023-12-25T07:50:57","modified_gmt":"2023-12-25T13:50:57","slug":"en-vispera-de-navidad-ataque-de-israel-a-hamas-dejo-60-muertos","status":"publish","type":"post","link":"https:\/\/zonaroja.com.mx\/?p=63557","title":{"rendered":"En v\u00edspera de Navidad, ataque de Israel a Hamas dej\u00f3 60 muertos"},"content":{"rendered":"\n<p>Redacci\u00f3n\/Zona Roja Cdmx.<\/p>\n\n\n\n<p>Ciudad de M\u00e9xico, a 25 de diciembre de 2023.- Las autoridades de Hamas en Gaza indicaron que al menos 60 personas murieron este domingo en un bombardeo israel\u00ed que golpe\u00f3 un campo de refugiados en ese territorio palestino.<\/p>\n\n\n\n<p>El bombardeo destruy\u00f3 al menos tres viviendas en el campo de Al Maghazi, en la zona central de la franja de Gaza, de acuerdo con el informe del ministerio de Salud del movimiento islamita, que previamente hab\u00eda dado parte de 45 muertos.<\/p>\n\n\n\n<p>INTENSA OPERACI\u00d3N<\/p>\n\n\n\n<p>Las operaciones militares israel\u00edes contra Hamas se intensificaron el domingo en la franja de Gaza, en una espiral de violencia en ese territorio palestino que ensombreci\u00f3 la Nochebuena en Bel\u00e9n, situada en Cisjordania ocupada.<\/p>\n\n\n\n<p>Los bombardeos prosiguieron sin descanso a lo largo del asediado y estrecho territorio palestino. El humo se elevaba sobre Jan Yunis (sur) y una potente explosi\u00f3n, grabada por la AFP desde el sur de Israel, sacudi\u00f3 el centro de la Franja.<\/p>\n\n\n\n<p>\u00abLa guerra ser\u00e1 larga\u00bb, advirti\u00f3 el primer ministro israeli, Benjamin Netanyahu, tras rendir un homenaje a los 153 soldados muertos desde el inicio de la ofensiva terrestre en Gaza el 27 de octubre. El ej\u00e9rcito anunci\u00f3 poco despu\u00e9s la muerte de otro soldado.<\/p>\n\n\n\n<p>\u00abEstamos pagando un alto precio por la guerra, pero no hay m\u00e1s opci\u00f3n que seguir luchando\u00bb, a\u00f1adi\u00f3 el dirigente nacionalista ante los miembros de su gobierno.<\/p>\n\n\n\n<p>El conflicto se desencaden\u00f3 el 7 de octubre tras una incursi\u00f3n de milicianos islamistas que mataron a unas mil 140 personas en el sur de Israel, en su mayor\u00eda civiles, seg\u00fan un recuento de AFP basado en datos israel\u00edes. Los comandos tambi\u00e9n secuestraron a unas 240 personas, de las cuales 129 siguen cautivas en Gaza.<\/p>\n\n\n\n<p>En respuesta, Israel prometi\u00f3 \u00abaniquilar\u00bb a Hamas y lanz\u00f3 una ofensiva terrestre y a\u00e9rea contra el territorio palestino de cerca de 2,4 millones de habitantes, gobernado por Hamas desde 2007.<\/p>\n\n\n\n<p>Seg\u00fan Hamas, considerado como organizaci\u00f3n terrorista por Israel, Estados Unidos y la Uni\u00f3n Europea, la ofensiva israel\u00ed ya se cobr\u00f3 la vida de 2 mil 424 personas, en su mayor\u00eda mujeres y ni\u00f1os.<\/p>\n\n\n\n<p>SITUACI\u00d3N CATASTR\u00d3FICA<\/p>\n\n\n\n<p>La situaci\u00f3n humanitaria en la Franja de Gaza, asediada completamente por Israel desde el 9 de octubre, es catastr\u00f3fica. La mayor\u00eda de los hospitales est\u00e1n fuera de servicio y la poblaci\u00f3n enfrenta altos niveles de inseguridad alimentaria, seg\u00fan la ONU.<\/p>\n\n\n\n<p>En Rafah, ciudad del sur fronteriza con Egipto, algunos palestinos lloraban a sus familiares muertos.<\/p>\n\n\n\n<p>\u00ab\u00bfD\u00f3nde est\u00e1 la victoria de la que hablan? No se ha hecho nada salvo matar civiles\u00bb, lament\u00f3 Um Amir Abu al Awf, herido en la mano y la pierna por un bombardeo contra su casa en Tel al Sultan, al oeste de Rafah.<\/p>\n\n\n\n<p>Estados Unidos sigue expresando un f\u00e9rreo apoyo a su hist\u00f3rico aliado Israel, aunque insiste cada vez m\u00e1s para que baje la intensidad de su ofensiva ante las muertes de civiles.<\/p>\n\n\n\n<p>Los mediadores egipcios y catar\u00edes tratan de negociar una nueva tregua, despu\u00e9s de que un acuerdo a finales de noviembre permitiese el cese de los combates durante una semana y la liberaci\u00f3n de 105 rehenes retenidos en Gaza a cambio de la 240 palestinos presos en Israel.<\/p>\n\n\n\n<p>En el norte de Gaza, el ej\u00e9rcito israel\u00ed anunci\u00f3 que descubri\u00f3 \u00abun dep\u00f3sito de armas adyacente a escuelas, una mezquita y un centro m\u00e9dico\u00bb, que conten\u00eda \u00abcinturones explosivos adaptados para ni\u00f1os, docenas de granadas de mortero, cientos de granadas y material de inteligencia\u00bb.<\/p>\n\n\n\n<p>DESPLAZAMIENTO Y HAMBRUNA<\/p>\n\n\n\n<p>Cerca del 80 por ciento de los 2,4 millones de habitantes de Gaza se ha visto desplazado por los combates, seg\u00fan la ONU.<\/p>\n\n\n\n<p>Pese a la resoluci\u00f3n aprobada el viernes por el Consejo de Seguridad de la ONU, que ped\u00eda a Israel autorizar el env\u00edo \u00abinmediato, seguro y sin obst\u00e1culos\u00bb de ayuda vital a Gaza \u00aba gran escala\u00bb, no se ha producido un aumento significativo de las entregas.<\/p>\n\n\n\n<p>Ante la insistencia de Washington, la resoluci\u00f3n no incluy\u00f3 el t\u00e9rmino \u00abalto el fuego\u00bb, limit\u00e1ndose a abogar por \u00abcrear las condiciones para un cese duradero de las hostilidades\u00bb.<\/p>\n\n\n\n<p>\u00abPara que la ayuda llegue a quienes la necesitan, para que los rehenes sean liberados, para evitar nuevos desplazamientos y, sobre todo, para poner fin a la devastadora p\u00e9rdida de vidas humanas, la \u00fanica salida es un alto el fuego humanitario\u00bb, declar\u00f3 el domingo el Alto Comisionado de la ONU para los Refugiados, Filippo Grandi.<\/p>\n\n\n\n<p>En Rafah, donde cientos de miles de desplazados se refugiaron en campos improvisados, la poblaci\u00f3n lucha por conseguir las insuficientes raciones de alimentos.<\/p>\n\n\n\n<p>La resoluci\u00f3n de la ONU \u00abrefuerza la decisi\u00f3n de Israel de matar a m\u00e1s civiles y prolonga la guerra contra este pueblo a cambio de un poco de comida\u00bb, critic\u00f3 Rami al Jalut, un habitante del norte de Gaza desplazado hasta Rafah.<\/p>\n\n\n\n<p>(Con informaci\u00f3n de la agencia AFP, en \u201cLa Jornada\u201d)<\/p>\n","protected":false},"excerpt":{"rendered":"<p>Redacci\u00f3n\/Zona Roja Cdmx. Ciudad de M\u00e9xico, a 25 de diciembre de 2023.- Las autoridades de&hellip;<\/p>\n","protected":false},"author":2,"featured_media":63561,"comment_status":"closed","ping_status":"open","sticky":false,"template":"","format":"standard","meta":{"_lmt_disableupdate":"","_lmt_disable":"","_jetpack_memberships_contains_paid_content":false,"footnotes":""},"categories":[109,47],"tags":[2668],"class_list":["post-63557","post","type-post","status-publish","format-standard","has-post-thumbnail","hentry","category-minuto-a-minuto","category-zona-gris","tag-conflicto-gaza-israel"],"jetpack_featured_media_url":"https:\/\/zonaroja.com.mx\/wp-content\/uploads\/2023\/12\/Israel-Gaza-guerra.jpg","jetpack_sharing_enabled":true,"_links":{"self":[{"href":"https:\/\/zonaroja.com.mx\/index.php?rest_route=\/wp\/v2\/posts\/63557","targetHints":{"allow":["GET"]}}],"collection":[{"href":"https:\/\/zonaroja.com.mx\/index.php?rest_route=\/wp\/v2\/posts"}],"about":[{"href":"https:\/\/zonaroja.com.mx\/index.php?rest_route=\/wp\/v2\/types\/post"}],"author":[{"embeddable":true,"href":"https:\/\/zonaroja.com.mx\/index.php?rest_route=\/wp\/v2\/users\/2"}],"replies":[{"embeddable":true,"href":"https:\/\/zonaroja.com.mx\/index.php?rest_route=%2Fwp%2Fv2%2Fcomments&post=63557"}],"version-history":[{"count":1,"href":"https:\/\/zonaroja.com.mx\/index.php?rest_route=\/wp\/v2\/posts\/63557\/revisions"}],"predecessor-version":[{"id":63562,"href":"https:\/\/zonaroja.com.mx\/index.php?rest_route=\/wp\/v2\/posts\/63557\/revisions\/63562"}],"wp:featuredmedia":[{"embeddable":true,"href":"https:\/\/zonaroja.com.mx\/index.php?rest_route=\/wp\/v2\/media\/63561"}],"wp:attachment":[{"href":"https:\/\/zonaroja.com.mx\/index.php?rest_route=%2Fwp%2Fv2%2Fmedia&parent=63557"}],"wp:term":[{"taxonomy":"category","embeddable":true,"href":"https:\/\/zonaroja.com.mx\/index.php?rest_route=%2Fwp%2Fv2%2Fcategories&post=63557"},{"taxonomy":"post_tag","embeddable":true,"href":"https:\/\/zonaroja.com.mx\/index.php?rest_route=%2Fwp%2Fv2%2Ftags&post=63557"}],"curies":[{"name":"wp","href":"https:\/\/api.w.org\/{rel}","templated":true}]}}