{"id":63575,"date":"2023-12-25T15:23:00","date_gmt":"2023-12-25T21:23:00","guid":{"rendered":"http:\/\/www.zonaroja.com.mx\/?p=63575"},"modified":"2023-12-25T08:28:26","modified_gmt":"2023-12-25T14:28:26","slug":"desde-oaxaca-llego-al-parlamento-europeo-exposicion-en-memoria-de-los-defensores-bety-y-jyri","status":"publish","type":"post","link":"https:\/\/zonaroja.com.mx\/?p=63575","title":{"rendered":"Desde Oaxaca lleg\u00f3 al Parlamento Europeo exposici\u00f3n en memoria de los defensores Bety y Jyri"},"content":{"rendered":"\n<p>Redacci\u00f3n\/Zona Roja.<\/p>\n\n\n\n<p>Oaxaca de Ju\u00e1rez, Oax., a 25 de diciembre de 2023.- La exposici\u00f3n art\u00edstica itinerante \u201cSemillas que Florecen\u201d en memoria de los defensores de derechos humanos Bety Cari\u00f1o y Jyri Jakkola, asesinados en 2010 en la regi\u00f3n triqui, fue inaugurada el lunes 11 de diciembre en instalaciones del Parlamento Europeo con sede en Estrasburgo, Francia.<\/p>\n\n\n\n<p>\u201cBetty y Jyri no son un caso, son una causa. Nos permite hacer visible las grandes agresiones que existen en M\u00e9xico, nos permite hacer visibles a un Estado, independientemente de qui\u00e9n ocupe el gobierno, que ha fallado en eliminar la violencia, la impunidad, la falta de acceso a la justicia\u201d, explic\u00f3 Karla Michelle Salas Ram\u00edrez, abogada defensora en el caso de Betty Cari\u00f1o y Jyri Jaakkola.<\/p>\n\n\n\n<p>La familia y defensa legal de la y el defensor, anunciaron que el caso a tocado puertas por diversas instancias procuradoras de justicia en M\u00e9xico sin obtener ninguna respuesta, por lo tanto, ser\u00e1 llevado a instancias internacionales como la Comisi\u00f3n Interamericana de Derechos Humanos (CIDH) con la esperanza de obtener justicia.<\/p>\n\n\n\n<p>Las 21 obras seleccionadas que plasman los ideales de Bety y Jyri en favor de la acci\u00f3n comunitaria en im\u00e1genes, grabado, pintura, m\u00fasica y poes\u00eda estuvieron disponibles al p\u00fablico en esa ciudad cultural por excelencia hasta el 15 de diciembre.<\/p>\n\n\n\n<p>La situaci\u00f3n de las personas defensoras en M\u00e9xico enfrenta, desde hace d\u00e9cadas, grandes retos, especialmente en el reconocimiento de su labor y la atenci\u00f3n a su seguridad. Casos como el de Bety y Jyri (2010), y antes Digna Ochoa (2001), solo por mencionar algunos de los m\u00e1s conocidos, nos han marcado a generaciones de personas defensoras en M\u00e9xico y Oaxaca.<\/p>\n\n\n\n<p>Esta convocatoria art\u00edstica emitida por familiares y amigos de los defensores, fue respaldada por organizaciones civiles que defienden derechos humanos en Oaxaca como el Comit\u00e9 de Defensa Integral de Derechos Humanos Gobixha A.C. (C\u00f3digo DH).<\/p>\n\n\n\n<p>Durante la inauguraci\u00f3n, Sara M\u00e9ndez Morales, como representante de C\u00f3digo DH, recalc\u00f3 que \u201cm\u00e1s all\u00e1 de situaciones concretas, seguimos padeciendo la impunidad. El acceso a la justicia sigue siendo la principal demanda de las personas defensoras en M\u00e9xico y Oaxaca\u201d.<\/p>\n\n\n\n<p>\u201cPor ello, tambi\u00e9n hablamos de la otra justicia, una justicia que no solo se mide en a\u00f1os de c\u00e1rcel para los perpetradores de cr\u00edmenes, sino en la memoria viva de las personas que fueron asesinados ejerciendo el derecho a defender derechos humanos, una memoria colectiva que es semilla para nuevas generaciones de defensoras y defensores, a la que apelamos cuando nos quedan a deber la justicia de las leyes\u201d agreg\u00f3.<\/p>\n\n\n\n<p>Record\u00f3 que en Oaxaca, junto con Ska Keller y familiares de Bety Cari\u00f1o y Jyri Jaakkola buscaban la manera de mantener viva su memoria. \u201cNos dimos a la tarea de convocar a artistas diversxs y solidarixs que aportaran a esa memoria, compartimos informaci\u00f3n de Bety y Jyri y este es el resultado de esa idea\u201d.<\/p>\n\n\n\n<p>Por ello, dijo estar felices de que esta diversidad de manifestaciones haya sido retomada no solo por artistas consagrados como Sam Kerson, Demetrio Barrita o Grissel Estada, sino tambi\u00e9n que j\u00f3venes artistas se hayan sumado a esta causa, como Diana Kuhn quien estuvo presente en el evento.<\/p>\n\n\n\n<p>Cabe descatar que la exposici\u00f3n sum\u00f3 esfuerzo del jurado integrado por Eve Jaakkola, Omar Esparza, Gaby Kuppers y los artistas pl\u00e1sticos Fernando G\u00e1lvez y Abraham Torres, la curadur\u00eda de Cecilia Ming\u00fcer, asimismo del apoyo siempre solidario de Ska Keller y otras tantas personas m\u00e1s que se han sumado a lo largo de los a\u00f1os exigiendo justicia en este y otros casos m\u00e1s de Oaxaca.<\/p>\n","protected":false},"excerpt":{"rendered":"<p>Redacci\u00f3n\/Zona Roja. Oaxaca de Ju\u00e1rez, Oax., a 25 de diciembre de 2023.- La exposici\u00f3n art\u00edstica&hellip;<\/p>\n","protected":false},"author":2,"featured_media":63576,"comment_status":"closed","ping_status":"open","sticky":false,"template":"","format":"standard","meta":{"_lmt_disableupdate":"","_lmt_disable":"","_jetpack_memberships_contains_paid_content":false,"footnotes":""},"categories":[109],"tags":[],"class_list":["post-63575","post","type-post","status-publish","format-standard","has-post-thumbnail","hentry","category-minuto-a-minuto"],"jetpack_featured_media_url":"https:\/\/zonaroja.com.mx\/wp-content\/uploads\/2023\/12\/bety-cidh-02.jpg","jetpack_sharing_enabled":true,"_links":{"self":[{"href":"https:\/\/zonaroja.com.mx\/index.php?rest_route=\/wp\/v2\/posts\/63575","targetHints":{"allow":["GET"]}}],"collection":[{"href":"https:\/\/zonaroja.com.mx\/index.php?rest_route=\/wp\/v2\/posts"}],"about":[{"href":"https:\/\/zonaroja.com.mx\/index.php?rest_route=\/wp\/v2\/types\/post"}],"author":[{"embeddable":true,"href":"https:\/\/zonaroja.com.mx\/index.php?rest_route=\/wp\/v2\/users\/2"}],"replies":[{"embeddable":true,"href":"https:\/\/zonaroja.com.mx\/index.php?rest_route=%2Fwp%2Fv2%2Fcomments&post=63575"}],"version-history":[{"count":1,"href":"https:\/\/zonaroja.com.mx\/index.php?rest_route=\/wp\/v2\/posts\/63575\/revisions"}],"predecessor-version":[{"id":63577,"href":"https:\/\/zonaroja.com.mx\/index.php?rest_route=\/wp\/v2\/posts\/63575\/revisions\/63577"}],"wp:featuredmedia":[{"embeddable":true,"href":"https:\/\/zonaroja.com.mx\/index.php?rest_route=\/wp\/v2\/media\/63576"}],"wp:attachment":[{"href":"https:\/\/zonaroja.com.mx\/index.php?rest_route=%2Fwp%2Fv2%2Fmedia&parent=63575"}],"wp:term":[{"taxonomy":"category","embeddable":true,"href":"https:\/\/zonaroja.com.mx\/index.php?rest_route=%2Fwp%2Fv2%2Fcategories&post=63575"},{"taxonomy":"post_tag","embeddable":true,"href":"https:\/\/zonaroja.com.mx\/index.php?rest_route=%2Fwp%2Fv2%2Ftags&post=63575"}],"curies":[{"name":"wp","href":"https:\/\/api.w.org\/{rel}","templated":true}]}}