{"id":63590,"date":"2023-12-25T20:56:46","date_gmt":"2023-12-26T02:56:46","guid":{"rendered":"http:\/\/www.zonaroja.com.mx\/?p=63590"},"modified":"2023-12-25T20:56:49","modified_gmt":"2023-12-26T02:56:49","slug":"navidad-violenta-un-ejecutado-en-salina-cruz-un-baleado-en-la-capital","status":"publish","type":"post","link":"https:\/\/zonaroja.com.mx\/?p=63590","title":{"rendered":"Navidad violenta: un ejecutado en Salina Cruz; un baleado en la capital"},"content":{"rendered":"\n<p>Ismael Garc\u00eda M.\/Zona Roja.<\/p>\n\n\n\n<p>Oaxaca de Ju\u00e1rez, Oax., a 25 de diciembre de 2023.- La violencia no cesa en el municipio de Salina Cruz.<\/p>\n\n\n\n<p>Esta tarde de Navidad, una persona del sexo masculino fue ejecutada a balazos y su cuerpo fue hallado en la calle 12 de Octubre de la agencia Bah\u00eda La Ventosa.<\/p>\n\n\n\n<p>Tras la llamada de auxilio de vecinos, personal policiaco lleg\u00f3 a la zona y constat\u00f3 la existencia de un cuerpo, sin vida, en el patio de una vivienda.<\/p>\n\n\n\n<p>La v\u00edctima a\u00fan no ha sido identificada y personal de la Vicefiscal\u00eda Regional del Istmo inici\u00f3 con las indagatorias correspondientes.<\/p>\n\n\n\n<p>Hasta el momento no hay personas detenidas por este crimen, debido a que no hab\u00eda polic\u00edas municipales en la zona.<\/p>\n\n\n\n<p>EN LA CAPITAL<\/p>\n\n\n\n<p>Tambi\u00e9n en la tarde de hoy pero en la agencia de San Juan Chapultepec, un individuo fue atacado a balaos.<\/p>\n\n\n\n<p>La v\u00edctima fue identificada de manera preliminar como Jonathan \u201cN\u201d, de 25 a\u00f1os de edad, quien fue atendido por param\u00e9dicos de la Cruz Roja Mexicana y trasladado a un hospital.<\/p>\n\n\n\n<p>Hasta el momento se desconoce el m\u00f3vil del ataque armado y tampoco hay personas detenidas, debido a que los polic\u00edas municipales llegaron al sitio despu\u00e9s de los hechos, s\u00f3lo para resguardar la escena de la agresi\u00f3n.<\/p>\n","protected":false},"excerpt":{"rendered":"<p>Ismael Garc\u00eda M.\/Zona Roja. Oaxaca de Ju\u00e1rez, Oax., a 25 de diciembre de 2023.- La&hellip;<\/p>\n","protected":false},"author":2,"featured_media":63587,"comment_status":"closed","ping_status":"open","sticky":false,"template":"","format":"standard","meta":{"_lmt_disableupdate":"","_lmt_disable":"","_jetpack_memberships_contains_paid_content":false,"footnotes":""},"categories":[109,51],"tags":[168],"class_list":["post-63590","post","type-post","status-publish","format-standard","has-post-thumbnail","hentry","category-minuto-a-minuto","category-zona-roja","tag-salina-cruz"],"jetpack_featured_media_url":"https:\/\/zonaroja.com.mx\/wp-content\/uploads\/2023\/12\/Ejecutado-Salina-Cruz.jpg","jetpack_sharing_enabled":true,"_links":{"self":[{"href":"https:\/\/zonaroja.com.mx\/index.php?rest_route=\/wp\/v2\/posts\/63590","targetHints":{"allow":["GET"]}}],"collection":[{"href":"https:\/\/zonaroja.com.mx\/index.php?rest_route=\/wp\/v2\/posts"}],"about":[{"href":"https:\/\/zonaroja.com.mx\/index.php?rest_route=\/wp\/v2\/types\/post"}],"author":[{"embeddable":true,"href":"https:\/\/zonaroja.com.mx\/index.php?rest_route=\/wp\/v2\/users\/2"}],"replies":[{"embeddable":true,"href":"https:\/\/zonaroja.com.mx\/index.php?rest_route=%2Fwp%2Fv2%2Fcomments&post=63590"}],"version-history":[{"count":1,"href":"https:\/\/zonaroja.com.mx\/index.php?rest_route=\/wp\/v2\/posts\/63590\/revisions"}],"predecessor-version":[{"id":63591,"href":"https:\/\/zonaroja.com.mx\/index.php?rest_route=\/wp\/v2\/posts\/63590\/revisions\/63591"}],"wp:featuredmedia":[{"embeddable":true,"href":"https:\/\/zonaroja.com.mx\/index.php?rest_route=\/wp\/v2\/media\/63587"}],"wp:attachment":[{"href":"https:\/\/zonaroja.com.mx\/index.php?rest_route=%2Fwp%2Fv2%2Fmedia&parent=63590"}],"wp:term":[{"taxonomy":"category","embeddable":true,"href":"https:\/\/zonaroja.com.mx\/index.php?rest_route=%2Fwp%2Fv2%2Fcategories&post=63590"},{"taxonomy":"post_tag","embeddable":true,"href":"https:\/\/zonaroja.com.mx\/index.php?rest_route=%2Fwp%2Fv2%2Ftags&post=63590"}],"curies":[{"name":"wp","href":"https:\/\/api.w.org\/{rel}","templated":true}]}}