{"id":63597,"date":"2023-12-26T08:30:00","date_gmt":"2023-12-26T14:30:00","guid":{"rendered":"http:\/\/www.zonaroja.com.mx\/?p=63597"},"modified":"2023-12-26T06:15:17","modified_gmt":"2023-12-26T12:15:17","slug":"triste-navidad-en-acapulco-con-playas-vacias-y-crisis-tras-otis","status":"publish","type":"post","link":"https:\/\/zonaroja.com.mx\/?p=63597","title":{"rendered":"Triste Navidad en Acapulco, con playas vac\u00edas y crisis tras \u201cOtis\u201d"},"content":{"rendered":"\n<p>Redacci\u00f3n\/Zona Roja Cdmx.<\/p>\n\n\n\n<p>Ciudad de M\u00e9xico, a 26 de diciembre de 2023.- Con playas semivac\u00edas y la escasa presencia de turistas, crecen la angustia y la incertidumbre de los empresarios por lo que ocurrir\u00e1 en la temporada m\u00e1s importante del a\u00f1o para Acapulco, en Guerrero, dos meses despu\u00e9s del paso del devastador hurac\u00e1n \u2018Otis\u2019.<\/p>\n\n\n\n<p>Las rentas de las banana inflables y las motos acu\u00e1ticas son m\u00ednimas, lo cual est\u00e1 provocando una situaci\u00f3n econ\u00f3mica muy grave en el sector n\u00e1utico.<\/p>\n\n\n\n<p>Jes\u00fas Mart\u00ednez cuenta a EFE que su familia, que se dedica a la renta de equipo n\u00e1utico, tras el impacto del hist\u00f3rico hurac\u00e1n perdi\u00f3 cuatro embarcaciones, y ahora solo trabajan con una que est\u00e1 la mayor parte del tiempo parada, as\u00ed como las motos que est\u00e1n en espera sobre la franja de arena.<\/p>\n\n\n\n<p>\u201cLa situaci\u00f3n es muy mala, as\u00ed que estamos empezando a vivir apenas. Estamos solo sacando el sustento para comer. Es muy lenta la llegada de turismo, provoca una angustia muy grande que tenemos todos. Las rentas est\u00e1n muy lentas, es nada m\u00e1s sacar para ir comiendo, nada m\u00e1s\u201d, coment\u00f3.<\/p>\n\n\n\n<p>En el caso del mesero Andr\u00e9s P\u00e9rez, quien labora desde hace varios a\u00f1os en un restaurante en playa Papagayo, en el coraz\u00f3n de la zona Dorada del puerto, la temporada decembrina luce un panorama complicado. Aunque reconoce que \u201cAcapulco est\u00e1 de pie\u201d, las playas, los negocios, restaurantes y hoteles est\u00e1n vac\u00edos, pero tienen esperanzas de que despu\u00e9s del 25 de diciembre la situaci\u00f3n econ\u00f3mica mejore.<\/p>\n\n\n\n<p>SIN RESERVACIONES<\/p>\n\n\n\n<p>Recuerda que los \u00faltimos d\u00edas de diciembre son los m\u00e1s importantes, sobre todo el 31, ya que la celebraci\u00f3n de fin de a\u00f1o era muy importante por lo que las reservaciones de mobiliario se hac\u00edan con anticipaci\u00f3n; ahora no tienen ni una sola, adem\u00e1s de que el due\u00f1o del negocio prefiri\u00f3 cancelar la cena de fin de a\u00f1o.<\/p>\n\n\n\n<p>\u201cNos afecta en mucho, esper\u00e1bamos un poco m\u00e1s, tal vez nosotros como prestadores de servicios de playa, tal vez en otros lugares como empresas pues tienen sus sueldos seguros, nosotros somos comisionistas y esperamos ver m\u00e1s afluencia tanto local como tur\u00edstica. Comparado con otros a\u00f1os estamos muy bajos\u201d, se\u00f1al\u00f3 P\u00e9rez.<\/p>\n\n\n\n<p>Hoteles de la zona sol\u00edan ser los m\u00e1s abarrotados por los cientos de turistas que visitan el puerto, las playas de la Costera eran las m\u00e1s abarrotadas, sin embargo, se pueden constatar mesas y sillas vac\u00edas, as\u00ed como sombrillas en espera de que sean ocupadas, incluso es m\u00ednimo el mobiliario que se renta, el que est\u00e1 colocado.<\/p>\n\n\n\n<p>MUCHAS CANCELACIONES<\/p>\n\n\n\n<p>El empresario hotelero Jorge Laura asegura que varios est\u00e1n operando con normalidad, es el caso de su empresa, quien abri\u00f3 con una ocupaci\u00f3n del 80 % y espera que a finales de mes todas sus habitaciones est\u00e9n funcionando, aunque pide comprensi\u00f3n de los visitantes, porque se tiene muchas limitaciones en los servicios, problemas en la telefon\u00eda y televisi\u00f3n de paga.<\/p>\n\n\n\n<p>\u201cCreo que estamos en condiciones de poder trabajar de una manera limitada, hay algunos servicios que todav\u00eda no se encuentran funcionando y operando al 100 %, pero si ya estamos en proceso y condiciones de poder trabajar y poder ir poco a poco reactivando la actividad aqu\u00ed de Acapulco\u201d, afirm\u00f3.<\/p>\n\n\n\n<p>Para Jorge Laura la situaci\u00f3n econ\u00f3mica que est\u00e1 viviendo el sector hotelero \u201ces muy preocupante\u201d, sobre todo por el anuncio del cierre de varios hoteles, diversas empresas y marcas reconocidas en el puerto, as\u00ed como el despido del personal que laboraba, pero la mayor preocupaci\u00f3n son las cancelaciones en las reservaciones que se tienen todos los d\u00edas.<\/p>\n\n\n\n<p>\u201cHay mucha desconfianza por parte de los visitantes de poder venir a Acapulco, hay cancelaciones que se est\u00e1n dando, nosotros ya tra\u00edamos previo al hurac\u00e1n la temporada vendida al 100 %. La temporada de fin de a\u00f1o en Acapulco siempre es una temporada alta, de mucha ocupaci\u00f3n y hemos visto c\u00f3mo han venido algunas cancelaciones, pero a la vez al darse a conocer las noticias de que ya estamos algunas empresas reactivadas\u201d, asegur\u00f3.<\/p>\n\n\n\n<p>Para el empresario, el apoyo econ\u00f3mico para la reconstrucci\u00f3n de Acapulco que ha brindado el Gobierno federal ha sido un respiro y algo paliativo para los habitantes, pero reconoci\u00f3 que ese recurso \u201cno durar\u00e1 todo el tiempo\u201d.<\/p>\n\n\n\n<p>\u201cEsperamos que los turistas puedan brindarnos su confianza, puedan venir y sean como siempre generosos, aunque reconoce que vengan conscientes que encontrar\u00e1n un Acapulco con limitaciones, con algunas carencias en cuanto a servicios, zonas tur\u00edsticas que podr\u00e1n visitar para paseo, recreo y diversi\u00f3n pero no todas est\u00e1n listas y preparadas para recibirlos\u201d, indic\u00f3.<\/p>\n\n\n\n<p>El presidente de M\u00e9xico, Andr\u00e9s Manuel L\u00f3pez Obrador, en su visita el pasado mi\u00e9rcoles a Acapulco, asegur\u00f3 que ya se ten\u00edan 127 hoteles funcionando tras el paso del hurac\u00e1n Otis y esperan que en las pr\u00f3ximas semanas esta cifra aumente.<\/p>\n\n\n\n<p>(Informaci\u00f3n de la agencia EFE en Aristegui Noticias)<\/p>\n","protected":false},"excerpt":{"rendered":"<p>Redacci\u00f3n\/Zona Roja Cdmx. Ciudad de M\u00e9xico, a 26 de diciembre de 2023.- Con playas semivac\u00edas&hellip;<\/p>\n","protected":false},"author":2,"featured_media":63598,"comment_status":"closed","ping_status":"open","sticky":false,"template":"","format":"standard","meta":{"_lmt_disableupdate":"","_lmt_disable":"","_jetpack_memberships_contains_paid_content":false,"footnotes":""},"categories":[109,47],"tags":[3713],"class_list":["post-63597","post","type-post","status-publish","format-standard","has-post-thumbnail","hentry","category-minuto-a-minuto","category-zona-gris","tag-huracan-otis"],"jetpack_featured_media_url":"https:\/\/zonaroja.com.mx\/wp-content\/uploads\/2023\/12\/Navidad-Acapulco-Otis.jpeg","jetpack_sharing_enabled":true,"_links":{"self":[{"href":"https:\/\/zonaroja.com.mx\/index.php?rest_route=\/wp\/v2\/posts\/63597","targetHints":{"allow":["GET"]}}],"collection":[{"href":"https:\/\/zonaroja.com.mx\/index.php?rest_route=\/wp\/v2\/posts"}],"about":[{"href":"https:\/\/zonaroja.com.mx\/index.php?rest_route=\/wp\/v2\/types\/post"}],"author":[{"embeddable":true,"href":"https:\/\/zonaroja.com.mx\/index.php?rest_route=\/wp\/v2\/users\/2"}],"replies":[{"embeddable":true,"href":"https:\/\/zonaroja.com.mx\/index.php?rest_route=%2Fwp%2Fv2%2Fcomments&post=63597"}],"version-history":[{"count":1,"href":"https:\/\/zonaroja.com.mx\/index.php?rest_route=\/wp\/v2\/posts\/63597\/revisions"}],"predecessor-version":[{"id":63599,"href":"https:\/\/zonaroja.com.mx\/index.php?rest_route=\/wp\/v2\/posts\/63597\/revisions\/63599"}],"wp:featuredmedia":[{"embeddable":true,"href":"https:\/\/zonaroja.com.mx\/index.php?rest_route=\/wp\/v2\/media\/63598"}],"wp:attachment":[{"href":"https:\/\/zonaroja.com.mx\/index.php?rest_route=%2Fwp%2Fv2%2Fmedia&parent=63597"}],"wp:term":[{"taxonomy":"category","embeddable":true,"href":"https:\/\/zonaroja.com.mx\/index.php?rest_route=%2Fwp%2Fv2%2Fcategories&post=63597"},{"taxonomy":"post_tag","embeddable":true,"href":"https:\/\/zonaroja.com.mx\/index.php?rest_route=%2Fwp%2Fv2%2Ftags&post=63597"}],"curies":[{"name":"wp","href":"https:\/\/api.w.org\/{rel}","templated":true}]}}