{"id":63602,"date":"2023-12-26T11:22:00","date_gmt":"2023-12-26T17:22:00","guid":{"rendered":"http:\/\/www.zonaroja.com.mx\/?p=63602"},"modified":"2023-12-26T06:57:45","modified_gmt":"2023-12-26T12:57:45","slug":"caravana-de-migrantes-reanuda-marcha-llegaria-hoy-a-oaxaca","status":"publish","type":"post","link":"https:\/\/zonaroja.com.mx\/?p=63602","title":{"rendered":"Caravana de migrantes reanuda marcha; llegar\u00eda hoy a Oaxaca"},"content":{"rendered":"\n<p>Redacci\u00f3n\/Zona Roja.<\/p>\n\n\n\n<p>Oaxaca de Ju\u00e1rez, Oax., a 26 de diciembre de 2023.- Alrededor de siete mil migrantes centroamericanos reanudaron hoy su marcha en Chiapas y se prev\u00e9 que este martes arriben al estado de Oaxaca.<\/p>\n\n\n\n<p>Conocida como el \u201c\u00c9xodo de la pobreza\u201d, la caravana parti\u00f3 el pasado domingo de Tapachula, Chiapas, y ayer, d\u00eda de Navidad, avanz\u00f3 aproximadamente 30 kil\u00f3metros, del ejido \u00c1lvaro Obreg\u00f3n a Huixtla.<\/p>\n\n\n\n<p>De acuerdo con Luis Garc\u00eda Villagr\u00e1n, del Centro de Dignificaci\u00f3n Humana AC, hay insensibilidad de las autoridades ante el drama de las familias que buscan una mejor oportunidad de vida porque huyen de la violencia y la pobreza en sus pa\u00edses.<\/p>\n\n\n\n<p>Por ello, insisti\u00f3 que continuar\u00e1n su periplo hasta obtener una respuesta que permita a los migrantes seguir su camino hacia el norte y otras regiones del pa\u00eds, pues en el sur padecen por la falta de empleos.<\/p>\n\n\n\n<p>Reproch\u00f3 que si el gobierno tuviera voluntad, podr\u00eda atender a los indocumentados en otras oficinas del pa\u00eds, ya que las del sur est\u00e1n saturadas.<\/p>\n\n\n\n<p>Tan s\u00f3lo la de la Comisi\u00f3n Mexicana de Ayuda a Refugiados en Tapachula ha procesado a m\u00e1s de la mitad de los casi 137 mil solicitantes de asilo de todo el pa\u00eds.<\/p>\n\n\n\n<p>Los integrantes de la caravana pasaron una triste Nochebuena y peor Navidad luego de salir de Tapachula la ma\u00f1ana del domingo en busca de llegar a Estados Unidos.<\/p>\n\n\n\n<p>(Con informaci\u00f3n de \u201cLa Jornada\u201d)<\/p>\n","protected":false},"excerpt":{"rendered":"<p>Redacci\u00f3n\/Zona Roja. Oaxaca de Ju\u00e1rez, Oax., a 26 de diciembre de 2023.- Alrededor de siete&hellip;<\/p>\n","protected":false},"author":2,"featured_media":63604,"comment_status":"closed","ping_status":"open","sticky":false,"template":"","format":"standard","meta":{"_lmt_disableupdate":"","_lmt_disable":"","_jetpack_memberships_contains_paid_content":false,"footnotes":""},"categories":[109,47],"tags":[207],"class_list":["post-63602","post","type-post","status-publish","format-standard","has-post-thumbnail","hentry","category-minuto-a-minuto","category-zona-gris","tag-migrantes-centroamericanos"],"jetpack_featured_media_url":"https:\/\/zonaroja.com.mx\/wp-content\/uploads\/2023\/12\/Migrantes-centroamericanos.jpg","jetpack_sharing_enabled":true,"_links":{"self":[{"href":"https:\/\/zonaroja.com.mx\/index.php?rest_route=\/wp\/v2\/posts\/63602","targetHints":{"allow":["GET"]}}],"collection":[{"href":"https:\/\/zonaroja.com.mx\/index.php?rest_route=\/wp\/v2\/posts"}],"about":[{"href":"https:\/\/zonaroja.com.mx\/index.php?rest_route=\/wp\/v2\/types\/post"}],"author":[{"embeddable":true,"href":"https:\/\/zonaroja.com.mx\/index.php?rest_route=\/wp\/v2\/users\/2"}],"replies":[{"embeddable":true,"href":"https:\/\/zonaroja.com.mx\/index.php?rest_route=%2Fwp%2Fv2%2Fcomments&post=63602"}],"version-history":[{"count":1,"href":"https:\/\/zonaroja.com.mx\/index.php?rest_route=\/wp\/v2\/posts\/63602\/revisions"}],"predecessor-version":[{"id":63605,"href":"https:\/\/zonaroja.com.mx\/index.php?rest_route=\/wp\/v2\/posts\/63602\/revisions\/63605"}],"wp:featuredmedia":[{"embeddable":true,"href":"https:\/\/zonaroja.com.mx\/index.php?rest_route=\/wp\/v2\/media\/63604"}],"wp:attachment":[{"href":"https:\/\/zonaroja.com.mx\/index.php?rest_route=%2Fwp%2Fv2%2Fmedia&parent=63602"}],"wp:term":[{"taxonomy":"category","embeddable":true,"href":"https:\/\/zonaroja.com.mx\/index.php?rest_route=%2Fwp%2Fv2%2Fcategories&post=63602"},{"taxonomy":"post_tag","embeddable":true,"href":"https:\/\/zonaroja.com.mx\/index.php?rest_route=%2Fwp%2Fv2%2Ftags&post=63602"}],"curies":[{"name":"wp","href":"https:\/\/api.w.org\/{rel}","templated":true}]}}