{"id":63612,"date":"2023-12-26T16:40:53","date_gmt":"2023-12-26T22:40:53","guid":{"rendered":"http:\/\/www.zonaroja.com.mx\/?p=63612"},"modified":"2023-12-26T16:40:54","modified_gmt":"2023-12-26T22:40:54","slug":"atacan-a-balazos-a-elemento-de-la-policia-estatal-de-oaxaca-para-asaltarlo","status":"publish","type":"post","link":"https:\/\/zonaroja.com.mx\/?p=63612","title":{"rendered":"Atacan a balazos a elemento de la Polic\u00eda Estatal de Oaxaca, para asaltarlo"},"content":{"rendered":"\n<p>Ismael Garc\u00eda M.\/Zona Roja.<\/p>\n\n\n\n<p>Oaxaca de Ju\u00e1rez, Oax., a 26 de diciembre de 2023.- Con la intenci\u00f3n de asaltarlo, al menos dos sujetos a bordo de una motocicleta atacaron a balazos a un elemento de la Polic\u00eda Estatal de Oaxaca.<\/p>\n\n\n\n<p>El hecho violento ocurri\u00f3 alrededor de las 14:00 horas en la v\u00eda lateral de la avenida Universidad, en la colindancia de la ciudad de Oaxaca con el municipio de Santa Cruz Xoxocotl\u00e1n.<\/p>\n\n\n\n<p>La Secretar\u00eda de Seguridad y Protecci\u00f3n Ciudadana (SSPC) confirm\u00f3 que se trata del comandante Federico Pedro P. R., \u201cquien fue atacado con arma de fuego por sujetos desconocidos, quienes trataron de despojarlo de una cantidad de dinero en inmediaciones del centro comercial Plaza del Valle, perteneciente al municipio de Oaxaca de Ju\u00e1rez\u201d.<\/p>\n\n\n\n<p>Indic\u00f3 que la cantidad de dinero que llevaba consigo el polic\u00eda corresponde a una asociaci\u00f3n civil ajena a la SSPC, conformada por elementos de la instituci\u00f3n.<\/p>\n\n\n\n<p>De acuerdo con reportes preliminares, el comandante socio de la caja de ahorro fue interceptado por sujetos quienes se desplazaban a bordo de una motocicleta sobre avenida Universidad de la capital oaxaque\u00f1a, quienes le dieron alcance para arrebatarle el dinero, presuntamente alrededor de 600 mil pesos.<\/p>\n\n\n\n<p>En este percance, el uniformado result\u00f3 lesionado, por lo que fue trasladado al Hospital General de Zona n\u00famero 1 del Instituto Mexicano del Seguro Social (IMSS) a trav\u00e9s de una ambulancia del Heroico Cuerpo de Bomberos.<\/p>\n\n\n\n<p>Por su parte, la Fiscal\u00eda General del Estado dio a conocer que inici\u00f3 las investigaciones correspondientes por la agresi\u00f3n armada que sufri\u00f3 un elemento activo de la Polic\u00eda Estatal.<\/p>\n\n\n\n<p>A trav\u00e9s de las redes sociales indic\u00f3 que el caso qued\u00f3 a cargo de las \u00e1reas especializadas de la Fiscal\u00eda General, que despleg\u00f3 a un equipo multidisciplinario que realiza las primeras labores ministeriales y periciales en el lugar de los hechos, en inmediaciones de Plaza del Valle, en la Zona Metropolitana de Oaxaca.<\/p>\n\n\n\n<figure class=\"wp-block-embed\"><div class=\"wp-block-embed__wrapper\">\nhttps:\/\/x.com\/ZonaRoja_Oaxaca\/status\/1739745149096272193?s=20\n<\/div><\/figure>\n","protected":false},"excerpt":{"rendered":"<p>Ismael Garc\u00eda M.\/Zona Roja. Oaxaca de Ju\u00e1rez, Oax., a 26 de diciembre de 2023.- Con&hellip;<\/p>\n","protected":false},"author":2,"featured_media":63613,"comment_status":"closed","ping_status":"open","sticky":false,"template":"","format":"standard","meta":{"_lmt_disableupdate":"","_lmt_disable":"","_jetpack_memberships_contains_paid_content":false,"footnotes":""},"categories":[109,47],"tags":[148],"class_list":["post-63612","post","type-post","status-publish","format-standard","has-post-thumbnail","hentry","category-minuto-a-minuto","category-zona-gris","tag-oaxaca-de-juarez"],"jetpack_featured_media_url":"https:\/\/zonaroja.com.mx\/wp-content\/uploads\/2023\/12\/Policia-Estatal-baleado-ciudad-de-Oaxaca.jpg","jetpack_sharing_enabled":true,"_links":{"self":[{"href":"https:\/\/zonaroja.com.mx\/index.php?rest_route=\/wp\/v2\/posts\/63612","targetHints":{"allow":["GET"]}}],"collection":[{"href":"https:\/\/zonaroja.com.mx\/index.php?rest_route=\/wp\/v2\/posts"}],"about":[{"href":"https:\/\/zonaroja.com.mx\/index.php?rest_route=\/wp\/v2\/types\/post"}],"author":[{"embeddable":true,"href":"https:\/\/zonaroja.com.mx\/index.php?rest_route=\/wp\/v2\/users\/2"}],"replies":[{"embeddable":true,"href":"https:\/\/zonaroja.com.mx\/index.php?rest_route=%2Fwp%2Fv2%2Fcomments&post=63612"}],"version-history":[{"count":1,"href":"https:\/\/zonaroja.com.mx\/index.php?rest_route=\/wp\/v2\/posts\/63612\/revisions"}],"predecessor-version":[{"id":63614,"href":"https:\/\/zonaroja.com.mx\/index.php?rest_route=\/wp\/v2\/posts\/63612\/revisions\/63614"}],"wp:featuredmedia":[{"embeddable":true,"href":"https:\/\/zonaroja.com.mx\/index.php?rest_route=\/wp\/v2\/media\/63613"}],"wp:attachment":[{"href":"https:\/\/zonaroja.com.mx\/index.php?rest_route=%2Fwp%2Fv2%2Fmedia&parent=63612"}],"wp:term":[{"taxonomy":"category","embeddable":true,"href":"https:\/\/zonaroja.com.mx\/index.php?rest_route=%2Fwp%2Fv2%2Fcategories&post=63612"},{"taxonomy":"post_tag","embeddable":true,"href":"https:\/\/zonaroja.com.mx\/index.php?rest_route=%2Fwp%2Fv2%2Ftags&post=63612"}],"curies":[{"name":"wp","href":"https:\/\/api.w.org\/{rel}","templated":true}]}}