{"id":63619,"date":"2023-12-26T18:52:47","date_gmt":"2023-12-27T00:52:47","guid":{"rendered":"http:\/\/www.zonaroja.com.mx\/?p=63619"},"modified":"2023-12-26T18:52:49","modified_gmt":"2023-12-27T00:52:49","slug":"tras-navidad-registra-oaxaca-dos-protestas-en-comunidades","status":"publish","type":"post","link":"https:\/\/zonaroja.com.mx\/?p=63619","title":{"rendered":"Tras Navidad, registra Oaxaca dos protestas en comunidades"},"content":{"rendered":"\n<p>Yuridiana Sosa\/Zona Roja.<\/p>\n\n\n\n<p>Oaxaca de Ju\u00e1rez, Oax., a 26 de diciembre de 2023.- Pobladores de San Felipe Usila \u201ctomaron\u201d el palacio municipal de la localidad, en la regi\u00f3n de la Cuenca, desde el pasado 24 de diciembre, para denunciar la supuesta injerencia de la autoridad municipal en un l\u00edo agrario con Santiago Tlatepusco.<\/p>\n\n\n\n<p>Ante el conflicto, el grupo de inconformes tambi\u00e9n exigi\u00f3 la cancelaci\u00f3n de la obra de un puente del r\u00edo grande de Usila, pero la autoridad no ha tenido la disposici\u00f3n de atenderlos en una mesa de di\u00e1logo.<\/p>\n\n\n\n<p>La representaci\u00f3n de los comuneros en protesta, encabezada por Eleazar Ben\u00edtez, denunci\u00f3 que hasta este martes, a dos d\u00edas del cierre del palacio municipal, el edil no ha mostrado voluntad para solucionar el actual problema, ni para explicar su injerencia en el conflicto agrario.<\/p>\n\n\n\n<p>Aseguraron que tras una asamblea general, la poblaci\u00f3n decidi\u00f3 que no se contin\u00fae la obra del puente, determinaci\u00f3n que tambi\u00e9n exigen se cumpla.<\/p>\n\n\n\n<p>Mientras que las autoridades se\u00f1alaron que s\u00ed ha habido atenci\u00f3n por medio de la Secretar\u00eda de Gobierno de Oaxaca, con quien s\u00f3lo se abord\u00f3 que se someter\u00eda a consulta la continuaci\u00f3n o no del puente.<\/p>\n\n\n\n<p>Los representantes de los comuneros se hab\u00edan comprometido a informar el 24 de diciembre al Subsecretario de Desarrollo Democr\u00e1tico de la Sego, Carlos P\u00e9rezcampos Mayoral, sobre la decisi\u00f3n de la asamblea, pero no fue as\u00ed, y antes de entablar otro di\u00e1logo se apoderaron del palacio municipal.<\/p>\n\n\n\n<p>EN LA MIXTECA<\/p>\n\n\n\n<p>Por otra parte, en la regi\u00f3n Mixteca de Oaxaca, un grupo de pobladores del Barrio San Jos\u00e9 y de la agencia San Jos\u00e9 Nuevo, del municipio de Coicoy\u00e1n de las Flores, bloquea este martes la carretera federa Oaxaca-Huajuapan, a la altura del acceso a Tezoatl\u00e1n de Segura y Luna.<\/p>\n\n\n\n<p>Lo anterior con la finalidad de obligar a ls autoridades de Coicoy\u00e1n a que cumplan con su compromiso de pavimentar las calles de ambas localidades, lo cual prometieron desde el inicio de a\u00f1o pero no han cumplido.<\/p>\n\n\n\n<p>Hasta esta noche, el bloqueo a la vialidad contin\u00faa y fuentes de la Secretar\u00eda de Gobierno indicaron que hay atenci\u00f3n a la problem\u00e1tica, cuya soluci\u00f3n depende del ayuntamiento.<\/p>\n","protected":false},"excerpt":{"rendered":"<p>Yuridiana Sosa\/Zona Roja. Oaxaca de Ju\u00e1rez, Oax., a 26 de diciembre de 2023.- Pobladores de&hellip;<\/p>\n","protected":false},"author":2,"featured_media":63620,"comment_status":"closed","ping_status":"open","sticky":false,"template":"","format":"standard","meta":{"_lmt_disableupdate":"","_lmt_disable":"","_jetpack_memberships_contains_paid_content":false,"footnotes":""},"categories":[109,47],"tags":[2264],"class_list":["post-63619","post","type-post","status-publish","format-standard","has-post-thumbnail","hentry","category-minuto-a-minuto","category-zona-gris","tag-bloqueos-y-protestas-oaxaca"],"jetpack_featured_media_url":"https:\/\/zonaroja.com.mx\/wp-content\/uploads\/2023\/12\/Bloqueos-Mixteca-y-Cuenca.jpg","jetpack_sharing_enabled":true,"_links":{"self":[{"href":"https:\/\/zonaroja.com.mx\/index.php?rest_route=\/wp\/v2\/posts\/63619","targetHints":{"allow":["GET"]}}],"collection":[{"href":"https:\/\/zonaroja.com.mx\/index.php?rest_route=\/wp\/v2\/posts"}],"about":[{"href":"https:\/\/zonaroja.com.mx\/index.php?rest_route=\/wp\/v2\/types\/post"}],"author":[{"embeddable":true,"href":"https:\/\/zonaroja.com.mx\/index.php?rest_route=\/wp\/v2\/users\/2"}],"replies":[{"embeddable":true,"href":"https:\/\/zonaroja.com.mx\/index.php?rest_route=%2Fwp%2Fv2%2Fcomments&post=63619"}],"version-history":[{"count":1,"href":"https:\/\/zonaroja.com.mx\/index.php?rest_route=\/wp\/v2\/posts\/63619\/revisions"}],"predecessor-version":[{"id":63621,"href":"https:\/\/zonaroja.com.mx\/index.php?rest_route=\/wp\/v2\/posts\/63619\/revisions\/63621"}],"wp:featuredmedia":[{"embeddable":true,"href":"https:\/\/zonaroja.com.mx\/index.php?rest_route=\/wp\/v2\/media\/63620"}],"wp:attachment":[{"href":"https:\/\/zonaroja.com.mx\/index.php?rest_route=%2Fwp%2Fv2%2Fmedia&parent=63619"}],"wp:term":[{"taxonomy":"category","embeddable":true,"href":"https:\/\/zonaroja.com.mx\/index.php?rest_route=%2Fwp%2Fv2%2Fcategories&post=63619"},{"taxonomy":"post_tag","embeddable":true,"href":"https:\/\/zonaroja.com.mx\/index.php?rest_route=%2Fwp%2Fv2%2Ftags&post=63619"}],"curies":[{"name":"wp","href":"https:\/\/api.w.org\/{rel}","templated":true}]}}