{"id":63622,"date":"2023-12-26T19:36:30","date_gmt":"2023-12-27T01:36:30","guid":{"rendered":"http:\/\/www.zonaroja.com.mx\/?p=63622"},"modified":"2023-12-26T19:36:33","modified_gmt":"2023-12-27T01:36:33","slug":"con-un-vuelo-cdmx-tulum-inicia-linea-mexicana-del-gobierno-de-amlo","status":"publish","type":"post","link":"https:\/\/zonaroja.com.mx\/?p=63622","title":{"rendered":"Con un vuelo Cdmx-Tulum, inicia l\u00ednea Mexicana del gobierno de AMLO"},"content":{"rendered":"\n<p>Redacci\u00f3n\/Zona Roja Cdmx.<\/p>\n\n\n\n<p>Ciudad de M\u00e9xico, a 26 de diciembre de 2023.- Luego de 13 a\u00f1os de suspendida y tras la adquisici\u00f3n por parte del gobierno de M\u00e9xico, la l\u00ednea a\u00e9rea Mexicana reinici\u00f3 hoy actividades, con un vuelo Ciudad de M\u00e9xico-Tulum, Quintana Roo, a un bajo costo.<\/p>\n\n\n\n<p>Por la ma\u00f1ana, durante su conferencia matutina, el Presidente Andr\u00e9s Manuel L\u00f3pez Obrador inaugur\u00f3 v\u00eda remota, con el Aeropuerto Internacional \u201cFelipe \u00c1ngeles\u201d, la salida del avi\u00f3n, que luego de ocho horas lleg\u00f3 a su destino, debido a que por condiciones clim\u00e1ticas, tuvo que desviarse temporalmente hacia M\u00e9rida, Yucat\u00e1n.<\/p>\n\n\n\n<p>\u201cA las 13:28 hora de Tulum aterriz\u00f3 el vuelo inaugural No. 1788 en el A\/I. de Tulum, Q. Roo., despu\u00e9s de hacer una escala en el A\/I. de M\u00e9rida, debido a las condiciones meteorol\u00f3gicas. Gracias por ser parte de la historia. En Mexicana la seguridad es nuestra prioridad\u201d, anunci\u00f3 la aerol\u00ednea.<\/p>\n\n\n\n<p>LOS DESTINOS<\/p>\n\n\n\n<p>La compa\u00f1\u00eda gubernamental inici\u00f3 operaci\u00f3n con cinco aviones, tres 737-800 y dos Embraer \u2013de una empresa mexicana\u2014 y se prev\u00e9 a partir del siguiente a\u00f1o ya tener, a trav\u00e9s de una empresa americana, la renta de otros cinco aviones Boeing que estar\u00e1n llegando en el primero y segundo mes.<\/p>\n\n\n\n<p>La aerol\u00ednea cuenta con vuelos disponibles a destinos en 11 estados de la Rep\u00fablica Mexicana. Las opciones disponibles por entidad son las siguientes:<\/p>\n\n\n\n<p>&#8211; Baja California: Tijuana.<\/p>\n\n\n\n<p>&#8211; Sinaloa: Mazatl\u00e1n.<\/p>\n\n\n\n<p>&#8211; Nuevo Le\u00f3n: Monterrey.<\/p>\n\n\n\n<p>&#8211; Jalisco: Guadalajara y Puerto Vallarta.<\/p>\n\n\n\n<p>&#8211; Tamaulipas: Ciudad Victoria.<\/p>\n\n\n\n<p>&#8211; Guerrero: Ixtapa Zihuatanejo y Acapulco.<\/p>\n\n\n\n<p>&#8211; Tabasco: Villahermosa.<\/p>\n\n\n\n<p>&#8211; Chiapas: Palenque.<\/p>\n\n\n\n<p>&#8211; Campeche: San Francisco de Campeche.<\/p>\n\n\n\n<p>&#8211; Yucat\u00e1n: M\u00e9rida.<\/p>\n\n\n\n<ul class=\"wp-block-list\">\n<li>Quintana Roo: Tulum y Chetumal.<\/li>\n<\/ul>\n\n\n\n<p>En pr\u00f3ximas fechas se prev\u00e9 incorporar Ciudad Ixtepec y Huatulco, en Oaxaca.<\/p>\n\n\n\n<p>LO M\u00c1S IMPORTANTE<\/p>\n\n\n\n<p>Lo m\u00e1s importante de este d\u00eda hist\u00f3rico es que rescatamos la l\u00ednea a\u00e9rea luego de actos de corrupci\u00f3n y de la entrega de bienes p\u00fablicos a particulares ocurrida durante el periodo neoliberal, afirm\u00f3 el presidente Andr\u00e9s Manuel L\u00f3pez Obrador al recibir el reporte del vuelo inaugural que despeg\u00f3 del Aeropuerto Internacional \u201cFelipe \u00c1ngeles\u201d (AIFA) al nuevo Aeropuerto Internacional de Tulum \u201cFelipe Carrillo Puerto\u201d.<\/p>\n\n\n\n<p>\u201cEs realmente todo un acontecimiento que esta l\u00ednea, emblema de los mexicanos, que tiene que ver con nuestra historia, vuelva a volar. Creo que muchos trabajadores de Mexicana se sienten hoy muy satisfechos, muy contentos: los que est\u00e1n en retiro, los que por circunstancias ya no est\u00e1n en esta l\u00ednea, y recordar tambi\u00e9n a los que se nos adelantaron, pero aqu\u00ed est\u00e1 su homenaje: Mexicana volando de nuevo\u201d, dijo.<\/p>\n\n\n\n<p>El primer mandatario dijo que confiar esta empresa a la Secretar\u00eda de la Defensa Nacional (Sedena) se debe a que es necesaria una instituci\u00f3n fuerte del Estado mexicano a cargo de las nuevas obras p\u00fablicas que se realizan con el dinero de todos para que no regresen las privatizaciones, por lo que se requiere una administraci\u00f3n eficiente, profesional y honesta con elementos que han dedicado su vida al servicio de la patria.<\/p>\n\n\n\n<p>\u201cEl pueblo ten\u00eda muchas empresas. Cuando se habla de empresas p\u00fablicas son empresas del pueblo; por ejemplo: Mexicana y Aerom\u00e9xico, todos los ferrocarriles, puertos, aeropuertos, empresas de telefon\u00eda, la mayor\u00eda de los bancos; todas las empresas mineras, la producci\u00f3n de petr\u00f3leo, toda la industria el\u00e9ctrica\u2026 Y de repente llegan nuevos gobernantes con la idea de que esas empresas p\u00fablicas ten\u00edan que pasar a manos de particulares, y se lleva a cabo un gran fraude.<\/p>\n\n\n\n<p>\u201cEnga\u00f1aron mucho diciendo que no funcionaban las empresas p\u00fablicas\u2026 Todo eso lo aprovecharon, toda esa propaganda, para llevar a cabo el saqueo m\u00e1s grande que se haya registrado en la historia de M\u00e9xico. Fue un gran atraco.\u201d<\/p>\n\n\n\n<p>Reafirm\u00f3 que hoy es un d\u00eda hist\u00f3rico, ya que se trata del rescate de una empresa p\u00fablica tras diversos hechos de corrupci\u00f3n, influyentismo e injusticias que dejaron sin empleo a miles de personas, como ocurri\u00f3 en la industria el\u00e9ctrica con el despido de 40 mil trabajadores.<\/p>\n\n\n\n<p>\u201c\u00bfSe va a manejar eficientemente Mexicana ahora? La respuesta es s\u00ed, porque se va a manejar con honestidad, no la van a manejar ladrones.\u201d<\/p>\n\n\n\n<p>MOTOR DE CRECIMIENTO<\/p>\n\n\n\n<p>El secretario de la Defensa Nacional, Luis Cresencio Sandoval Gonz\u00e1lez, inform\u00f3 que la experiencia del personal militar se suma a esta nueva aerol\u00ednea que, a partir de hoy, provee transporte de calidad y es motor de crecimiento para el sector a\u00e9reo nacional.<\/p>\n\n\n\n<p>Resalt\u00f3 que hubo amplia respuesta de la sociedad, ya que r\u00e1pidamente se agotaron los boletos para el vuelo inaugural del AIFA a Tulum, y el primer vuelo con aviones Embraer, del AIFA a Ciudad Victoria.<\/p>\n\n\n\n<p>Dijo que Mexicana de Aviaci\u00f3n cubrir\u00e1 los puntos tur\u00edsticos m\u00e1s importantes del pa\u00eds, pero tambi\u00e9n atender\u00e1 sitios a los que no llegan las l\u00edneas a\u00e9reas.<\/p>\n\n\n\n<p>El director general de Grupo Aeroportuario, Ferroviario, de Servicios Auxiliares y Conexos Olmeca-Maya-Mexica (Gafsacomm), Jos\u00e9 Gerardo Vega Rivera, inform\u00f3 que, tras la suspensi\u00f3n de operaciones en 2010, Mexicana de Aviaci\u00f3n reinicia con aeronaves de nueva generaci\u00f3n, incluyendo las de menor envergadura para conectar terminales a\u00e9reas que no pueden recibir unidades grandes.<\/p>\n\n\n\n<p>Inicialmente, Mexicana de Aviaci\u00f3n realiza operaciones desde el AIFA hacia 14 destinos nacionales, y gradualmente aumenta capacidades para brindar servicio accesible a todos, con altos est\u00e1ndares de seguridad y eficiencia.<\/p>\n\n\n\n<p>La flota mantiene la imagen tradicional del \u00e1guila real; est\u00e1 integrada con aeronaves Boeing 737 nueva generaci\u00f3n y Embraer ERJ 145; todas, certificadas por autoridades aeron\u00e1uticas.<\/p>\n\n\n\n<p>Tras recordar que se desempe\u00f1\u00f3 como director del Colegio del Aire y comandante de la Fuerza A\u00e9rea Mexicana (FAM), dijo que Mexicana de Aviaci\u00f3n se fusionar\u00e1 a Gafsacomm, empresa sectorizada a Sedena que actualmente administra 12 aeropuertos, seis hoteles y el parque \u201cLa Plancha\u201d, en M\u00e9rida.<\/p>\n\n\n\n<p>Desde el AIFA, el director general de Mexicana de Aviaci\u00f3n, Sergio Monta\u00f1o M\u00e9ndez, dijo que el vuelo inaugural despeg\u00f3 rumbo a Tulum, Quintana Roo, donde se ubica la base secundaria de operaciones de la empresa.<\/p>\n\n\n\n<p>Detall\u00f3 que la venta de boletos se realiza a trav\u00e9s de mexicana.gob.mx, y puntos de venta ubicados en aeropuertos de los destinos de Mexicana de Aviaci\u00f3n.<\/p>\n\n\n\n<p>\u201cOfrecemos viajes a precios accesibles, ya sea en vuelo sencillo o redondo con los impuestos, e inclusive el equipaje hasta 25 kg sin costo adicional; esto representa una diferencia sustancial para el bolsillo de nuestros conciudadanos.\u201d<\/p>\n\n\n\n<p>Durante el despegue del vuelo inaugural, la tripulaci\u00f3n inform\u00f3 a pasajeros que Servicios a la Navegaci\u00f3n en el Espacio A\u00e9reo Mexicano (Seneam), adscrito a la Secretar\u00eda de Infraestructura, Comunicaciones y Transportes (SICT), lleva a cabo la modernizaci\u00f3n de espacios a\u00e9reos m\u00e1s grande en la historia del pa\u00eds, lo que se traducir\u00e1 en rutas m\u00e1s directas, ahorro de combustible, restauraci\u00f3n del medio ambiente y fortalecimiento de la econom\u00eda de las aerol\u00edneas.&nbsp;<\/p>\n","protected":false},"excerpt":{"rendered":"<p>Redacci\u00f3n\/Zona Roja Cdmx. Ciudad de M\u00e9xico, a 26 de diciembre de 2023.- Luego de 13&hellip;<\/p>\n","protected":false},"author":2,"featured_media":63623,"comment_status":"closed","ping_status":"open","sticky":false,"template":"","format":"standard","meta":{"_lmt_disableupdate":"","_lmt_disable":"","_jetpack_memberships_contains_paid_content":false,"footnotes":""},"categories":[109,46],"tags":[143],"class_list":["post-63622","post","type-post","status-publish","format-standard","has-post-thumbnail","hentry","category-minuto-a-minuto","category-zona-blanca","tag-andres-manuel-lopez-obrador"],"jetpack_featured_media_url":"https:\/\/zonaroja.com.mx\/wp-content\/uploads\/2023\/12\/Mexicana-de-Aviacion-.jpg","jetpack_sharing_enabled":true,"_links":{"self":[{"href":"https:\/\/zonaroja.com.mx\/index.php?rest_route=\/wp\/v2\/posts\/63622","targetHints":{"allow":["GET"]}}],"collection":[{"href":"https:\/\/zonaroja.com.mx\/index.php?rest_route=\/wp\/v2\/posts"}],"about":[{"href":"https:\/\/zonaroja.com.mx\/index.php?rest_route=\/wp\/v2\/types\/post"}],"author":[{"embeddable":true,"href":"https:\/\/zonaroja.com.mx\/index.php?rest_route=\/wp\/v2\/users\/2"}],"replies":[{"embeddable":true,"href":"https:\/\/zonaroja.com.mx\/index.php?rest_route=%2Fwp%2Fv2%2Fcomments&post=63622"}],"version-history":[{"count":1,"href":"https:\/\/zonaroja.com.mx\/index.php?rest_route=\/wp\/v2\/posts\/63622\/revisions"}],"predecessor-version":[{"id":63624,"href":"https:\/\/zonaroja.com.mx\/index.php?rest_route=\/wp\/v2\/posts\/63622\/revisions\/63624"}],"wp:featuredmedia":[{"embeddable":true,"href":"https:\/\/zonaroja.com.mx\/index.php?rest_route=\/wp\/v2\/media\/63623"}],"wp:attachment":[{"href":"https:\/\/zonaroja.com.mx\/index.php?rest_route=%2Fwp%2Fv2%2Fmedia&parent=63622"}],"wp:term":[{"taxonomy":"category","embeddable":true,"href":"https:\/\/zonaroja.com.mx\/index.php?rest_route=%2Fwp%2Fv2%2Fcategories&post=63622"},{"taxonomy":"post_tag","embeddable":true,"href":"https:\/\/zonaroja.com.mx\/index.php?rest_route=%2Fwp%2Fv2%2Ftags&post=63622"}],"curies":[{"name":"wp","href":"https:\/\/api.w.org\/{rel}","templated":true}]}}